{"id":26947,"date":"2019-10-02T15:23:18","date_gmt":"2019-10-02T18:23:18","guid":{"rendered":"http:\/\/172.16.0.7\/site-antigo\/?p=26947"},"modified":"2024-10-08T09:19:50","modified_gmt":"2024-10-08T12:19:50","slug":"apucarana-abre-nesta-quinta-a-15o-festa-do-cafe","status":"publish","type":"post","link":"http:\/\/www.apucarana.pr.gov.br\/site\/apucarana-abre-nesta-quinta-a-15o-festa-do-cafe\/","title":{"rendered":"Apucarana abre nesta quinta a 15\u00ba Festa do Caf\u00e9"},"content":{"rendered":"<p>Com show gratuito do cantor sertanejo Loubet, tem in\u00edcio nesta quinta-feira (03\/10), no Distrito de Pirap\u00f3, a 15\u00ba Festa do Caf\u00e9 de Apucarana. Uma realiza\u00e7\u00e3o da prefeitura, em parceria com a Cooperativa dos Cafeicultores de Apucarana\/Pirap\u00f3, e apoio do Instituto Paranaense de Assist\u00eancia T\u00e9cnica e Extens\u00e3o Rural (Emater) e da Universidade Estadual de Maring\u00e1 (UEM), a abertura oficial acontece \u00e0s 19 horas, com pra\u00e7a de alimenta\u00e7\u00e3o e show de talentos.<br \/>\nDiante do crescimento da atra\u00e7\u00e3o, que neste ano completa 15 anos, as atividades v\u00e3o acontecer em novo local, em \u00e1rea pr\u00f3xima \u00e0 pra\u00e7a da entrada do distrito, e contar\u00e1 ainda com exposi\u00e7\u00e3o de maquin\u00e1rios agr\u00edcolas, feira de hortifruti e de produtos org\u00e2nicos. \u201cNa parte da noite, a popula\u00e7\u00e3o poder\u00e1 acompanhar shows musicais gratuitos com artistas nacionais e aproveitar as op\u00e7\u00f5es gastron\u00f4micas da pra\u00e7a de alimenta\u00e7\u00e3o\u201d, convida o prefeito J\u00fanior da Femac.<br \/>\nEle frisa que se trata de uma festa familiar que cresce a cada ano. \u201cIdealizada para celebrar a riqueza hist\u00f3rica que a cafeicultura simboliza para o munic\u00edpio e todo o Vale do Iva\u00ed, a Festa do Caf\u00e9 foi preparada com muito carinho para atender tecnicamente nossos cafeicultores e tamb\u00e9m a popula\u00e7\u00e3o em geral, com muitas op\u00e7\u00f5es de lazer\u201d, refor\u00e7a o prefeito.<br \/>\nJ\u00fanior informa que a abertura ser\u00e1 marcada ainda pela premia\u00e7\u00e3o do \u201cConcurso de Reda\u00e7\u00e3o do Caf\u00e9\u201d. \u201cA Autarquia Municipal de Educa\u00e7\u00e3o vai premiar os alunos que se destacaram em um concurso de reda\u00e7\u00e3o sobre a import\u00e2ncia da cafeicultura para forma\u00e7\u00e3o cultural e econ\u00f4mica do munic\u00edpio de Apucarana\u201d, relata. Nesta edi\u00e7\u00e3o, cerca de 1.330 estudantes do 4\u00ba ano do ensino fundamental participaram da atividade. \u201cO melhor texto de cada uma das 36 escolas da rede ser\u00e1 contemplado com medalha e certificado\u201d, complementa Marli Fernandes, secret\u00e1ria Municipal de Educa\u00e7\u00e3o.<br \/>\nA programa\u00e7\u00e3o festiva tem sequ\u00eancia sexta-feira (04\/10), a partir das 19 horas, com o concurso do melhor bolo de caf\u00e9 e, \u00e0s 22 horas, show com a dupla Juliano C\u00e9zar e Marco Brasil. No s\u00e1bado (05\/10), as atividades iniciam \u00e0s 11 horas, com pra\u00e7a de alimenta\u00e7\u00e3o, roda de viola, degusta\u00e7\u00e3o de caf\u00e9s e show de talentos. A partir das 22 horas, a 15\u00aa Festa do Caf\u00e9 de Apucarana ser\u00e1 encerrada com show do Trio Bravana.<br \/>\nO presidente da Associa\u00e7\u00e3o dos Cafeicultores do Pirap\u00f3, Mauro Machado, enaltece o empenho da prefeitura na viabiliza\u00e7\u00e3o do evento. \u201cAgradecemos a administra\u00e7\u00e3o, atrav\u00e9s do prefeito J\u00fanior da Femac, que vem desenvolvendo um grande trabalho e, desde o in\u00edcio, contribuiu muito com a organiza\u00e7\u00e3o da festa. Certamente teremos mais uma grande festa, com a presen\u00e7a de milhares de pessoas de Apucarana e regi\u00e3o\u201d, disse Machado.<\/p>\n","protected":false},"excerpt":{"rendered":"<p>Um misto de encontro t\u00e9cnico e festivo, a programa\u00e7\u00e3o ser\u00e1 desenvolvida at\u00e9 s\u00e1bado (05\/10) no Distrito de Pirap\u00f3 (Foto: PMA)<\/p>\n","protected":false},"author":4,"featured_media":26952,"comment_status":"closed","ping_status":"open","sticky":false,"template":"","format":"standard","meta":{"footnotes":""},"categories":[24],"tags":[],"class_list":["post-26947","post","type-post","status-publish","format-standard","has-post-thumbnail","hentry","category-noticias"],"acf":[],"_links":{"self":[{"href":"http:\/\/www.apucarana.pr.gov.br\/site\/wp-json\/wp\/v2\/posts\/26947","targetHints":{"allow":["GET"]}}],"collection":[{"href":"http:\/\/www.apucarana.pr.gov.br\/site\/wp-json\/wp\/v2\/posts"}],"about":[{"href":"http:\/\/www.apucarana.pr.gov.br\/site\/wp-json\/wp\/v2\/types\/post"}],"author":[{"embeddable":true,"href":"http:\/\/www.apucarana.pr.gov.br\/site\/wp-json\/wp\/v2\/users\/4"}],"replies":[{"embeddable":true,"href":"http:\/\/www.apucarana.pr.gov.br\/site\/wp-json\/wp\/v2\/comments?post=26947"}],"version-history":[{"count":1,"href":"http:\/\/www.apucarana.pr.gov.br\/site\/wp-json\/wp\/v2\/posts\/26947\/revisions"}],"predecessor-version":[{"id":100102,"href":"http:\/\/www.apucarana.pr.gov.br\/site\/wp-json\/wp\/v2\/posts\/26947\/revisions\/100102"}],"wp:featuredmedia":[{"embeddable":true,"href":"http:\/\/www.apucarana.pr.gov.br\/site\/wp-json\/"}],"wp:attachment":[{"href":"http:\/\/www.apucarana.pr.gov.br\/site\/wp-json\/wp\/v2\/media?parent=26947"}],"wp:term":[{"taxonomy":"category","embeddable":true,"href":"http:\/\/www.apucarana.pr.gov.br\/site\/wp-json\/wp\/v2\/categories?post=26947"},{"taxonomy":"post_tag","embeddable":true,"href":"http:\/\/www.apucarana.pr.gov.br\/site\/wp-json\/wp\/v2\/tags?post=26947"}],"curies":[{"name":"wp","href":"https:\/\/api.w.org\/{rel}","templated":true}]}}