{"id":2694,"date":"2015-03-27T17:35:00","date_gmt":"2015-03-27T17:35:00","guid":{"rendered":"http:\/\/172.16.0.7\/site-antigo\/?p=2694"},"modified":"2024-10-08T09:10:15","modified_gmt":"2024-10-08T12:10:15","slug":"prefeitura-leva-asfalto-para-o-residencial-sanches-dos-santos","status":"publish","type":"post","link":"http:\/\/www.apucarana.pr.gov.br\/site\/prefeitura-leva-asfalto-para-o-residencial-sanches-dos-santos\/","title":{"rendered":"Prefeitura leva asfalto para o Residencial Sanches dos Santos"},"content":{"rendered":"<\/p>\n<p><span style=\"letter-spacing: -0.02em; line-height: 1.45em; background-color: initial;\">O prefeito Beto Preto (PT) vistoriou nesta sexta-feira (27\/03) a reta final dos trabalhos de instala\u00e7\u00e3o de galeria pluvial (drenagem), pavimenta\u00e7\u00e3o e constru\u00e7\u00e3o de cal\u00e7adas em vias do Residencial Sanches dos Santos. Os servi\u00e7os s\u00e3o executados pela empreiteira Tapalam Constru\u00e7\u00f5es e Empreendimentos Ltda., vencedora da licita\u00e7\u00e3o, e fazem parte de um pacote que beneficiou outras seis regi\u00f5es da cidade, em um total de R$1.371.516,89 de investimentos com recursos pr\u00f3prios.<br \/><\/span><span style=\"letter-spacing: -0.02em; line-height: 1.45em; background-color: initial;\"><br \/>De acordo com o prefeito, s\u00f3 no &ldquo;Sanches dos Santos&rdquo; os recursos aplicados chegam a R$250 mil. &ldquo;Agradecemos a confian\u00e7a da comunidade, que aguardou com paci\u00eancia a chegada do asfalto novo. Certamente a qualidade de vida agora ser\u00e1 outra&rdquo;, afirma Beto Preto. Com esta nova etapa, a terceira que o bairro recebe, ele destaca que a administra\u00e7\u00e3o cumpre com mais um compromisso assumido com a popula\u00e7\u00e3o. &ldquo;E damos um importante passo no sentido de levarmos o asfalto a todas as ruas que ainda n\u00e3o disp\u00f5em desta benfeitoria&rdquo;, frisa o prefeito.<br \/><\/span><span style=\"letter-spacing: -0.02em; line-height: 1.45em; background-color: initial;\"><br \/>Al\u00e9m do Residencial Sanches dos Santos, o pacote de obras contratado pela prefeitura tamb\u00e9m atendeu ao recapeamento de trecho de paralelep\u00edpedo da Rua Jos\u00e9 Jorge, pavimenta\u00e7\u00e3o e drenagem de ruas <\/span><span style=\"letter-spacing: -0.02em; line-height: 1.45em; background-color: initial;\">do Residencial Garcia, da rua Equador, no N\u00facleo Vale Verde, da rua Senac, no Parque Industrial Zona Oeste, e da rua Margarida, no Jardim das Flores, al\u00e9m de pavimenta\u00e7\u00e3o, drenagem e cal\u00e7adas em trecho da Avenida Avia\u00e7\u00e3o, no Loteamento Santos Dumont.<br \/><\/span><span style=\"letter-spacing: -0.02em; line-height: 1.45em; background-color: initial;\"><br \/>Desde o in\u00edcio de 2013, cerca de R$11,1 milh\u00f5es foram empregados em obras que levaram asfalto novo a comunidades que esperavam pela melhoria por at\u00e9 40 anos, recape e lama asf\u00e1ltica. Os recursos tamb\u00e9m foram aplicados em servi\u00e7os paliativos, as chamadas opera\u00e7\u00f5es tapa-buraco. Grande parte do investimento saiu do caixa pr\u00f3prio do munic\u00edpio e \u00e9 fruto da pol\u00edtica de otimiza\u00e7\u00e3o da m\u00e1quina municipal. Segundo a Secretaria de Obras, do total, R$3.800.000,00 s\u00e3o oriundos de conv\u00eanios com o Minist\u00e9rio das Cidades, do Governo Federal, e com a Sedu\/Paranacidade, do Governo Estadual.<\/p>\n<p><b>Mais obras<\/b>&ndash; Ainda nesta sexta-feira (27\/03), o prefeito Beto Preto (PT) assinou contratos com a empreiteira Tapalam para mais duas obras de pavimenta\u00e7\u00e3o. Uma delas beneficia cinco ruas localizadas no Loteamento Residencial Recanto do Lago II, em um total de 6.490,96 m&sup2;, e a outra contemplar\u00e1 trecho da Rua Jos\u00e9 Beltoni, que faz a liga\u00e7\u00e3o entre os jardins Marissol e Casagrande, em cerca de 250 metros lineares, entre as ruas Rafael Sorpolli e Ouro Verde. O valor do contrato licitado \u00e9 de R$578 mil e prev\u00ea pavimenta\u00e7\u00e3o em CBUQ, drenagem, cal\u00e7adas e sinaliza\u00e7\u00e3o vi\u00e1ria.<\/p>\n<p>De acordo com o secret\u00e1rio municipal de Obras, Herivelto Moreno, os contratos agora ser\u00e3o remetidos \u00e0 superintend\u00eancia regional da Caixa Econ&ocirc;mica Federal para homologa\u00e7\u00e3o. &ldquo;Somente ap\u00f3s este tr&acirc;mite ser\u00e1 poss\u00edvel a assinatura da ordem de servi\u00e7o&rdquo;, esclarece Moreno. Os recursos s\u00e3o provenientes de emenda parlamentar e ser\u00e3o liberados atrav\u00e9s do Minist\u00e9rio das Cidades, sendo R$394,2 mil relativos ao conv\u00eanio com o Governo Federal e o restante de contrapartida do Munic\u00edpio.<br \/><\/span><\/p><\/p>\n","protected":false},"excerpt":{"rendered":"<p>De acordo com o prefeito, s&oacute; no &ldquo;Sanches dos Santos&rdquo; os recursos aplicados chegam a R$250 mil<\/p>\n","protected":false},"author":4,"featured_media":0,"comment_status":"closed","ping_status":"closed","sticky":false,"template":"","format":"standard","meta":{"footnotes":""},"categories":[24],"tags":[],"class_list":["post-2694","post","type-post","status-publish","format-standard","hentry","category-noticias"],"acf":[],"_links":{"self":[{"href":"http:\/\/www.apucarana.pr.gov.br\/site\/wp-json\/wp\/v2\/posts\/2694","targetHints":{"allow":["GET"]}}],"collection":[{"href":"http:\/\/www.apucarana.pr.gov.br\/site\/wp-json\/wp\/v2\/posts"}],"about":[{"href":"http:\/\/www.apucarana.pr.gov.br\/site\/wp-json\/wp\/v2\/types\/post"}],"author":[{"embeddable":true,"href":"http:\/\/www.apucarana.pr.gov.br\/site\/wp-json\/wp\/v2\/users\/4"}],"replies":[{"embeddable":true,"href":"http:\/\/www.apucarana.pr.gov.br\/site\/wp-json\/wp\/v2\/comments?post=2694"}],"version-history":[{"count":1,"href":"http:\/\/www.apucarana.pr.gov.br\/site\/wp-json\/wp\/v2\/posts\/2694\/revisions"}],"predecessor-version":[{"id":104183,"href":"http:\/\/www.apucarana.pr.gov.br\/site\/wp-json\/wp\/v2\/posts\/2694\/revisions\/104183"}],"wp:attachment":[{"href":"http:\/\/www.apucarana.pr.gov.br\/site\/wp-json\/wp\/v2\/media?parent=2694"}],"wp:term":[{"taxonomy":"category","embeddable":true,"href":"http:\/\/www.apucarana.pr.gov.br\/site\/wp-json\/wp\/v2\/categories?post=2694"},{"taxonomy":"post_tag","embeddable":true,"href":"http:\/\/www.apucarana.pr.gov.br\/site\/wp-json\/wp\/v2\/tags?post=2694"}],"curies":[{"name":"wp","href":"https:\/\/api.w.org\/{rel}","templated":true}]}}