{"id":26939,"date":"2019-10-02T17:00:20","date_gmt":"2019-10-02T20:00:20","guid":{"rendered":"http:\/\/172.16.0.7\/site-antigo\/?p=26939"},"modified":"2024-10-08T09:19:50","modified_gmt":"2024-10-08T12:19:50","slug":"hospital-da-providencia-apresenta-plano-de-expansao","status":"publish","type":"post","link":"http:\/\/www.apucarana.pr.gov.br\/site\/hospital-da-providencia-apresenta-plano-de-expansao\/","title":{"rendered":"Hospital da Provid\u00eancia apresenta plano de expans\u00e3o"},"content":{"rendered":"<p>A dire\u00e7\u00e3o do Hospital da Provid\u00eancia apresentou nesta quarta-feira (2) ao prefeito de Apucarana, Junior da Femac, o planejamento de a\u00e7\u00f5es para os pr\u00f3ximos anos. Al\u00e9m do quadro financeiro, o prefeito recebeu detalhes de algumas obras e novos servi\u00e7os previstos, como a implanta\u00e7\u00e3o da \u00e1rea de radioterapia, transfer\u00eancia do Hospital Materno Infantil para pr\u00e9dio pr\u00f3prio, reforma do pronto-socorro, constru\u00e7\u00e3o de um ambulat\u00f3rio de especialidades, substitui\u00e7\u00e3o da caldeira e reestrutura\u00e7\u00e3o e reforma da lavanderia.<br \/>\nO encontro, ocorrido na sala de reuni\u00f5es do hospital, contou com a presen\u00e7a da irm\u00e3 Geovana Aparecida Ramos, diretora-geral da institui\u00e7\u00e3o, e de Guilherme Borges, diretor-executivo, al\u00e9m da equipe do setor administrativo e cont\u00e1bil.<br \/>\nA dire\u00e7\u00e3o do hospital fez um balan\u00e7o das atividades desenvolvidas, das despesas e das receitas, quadro de pessoal e tamb\u00e9m apresentou as a\u00e7\u00f5es futuras. \u201cNos \u00faltimos dois anos e meio, houve um crescimento no n\u00famero de interna\u00e7\u00f5es e de atendimentos no hospital na faixa de 20%. Neste mesmo per\u00edodo, esse crescimento da demanda n\u00e3o foi acompanhado por um aumento na transfer\u00eancia de recursos\u201d, observou o prefeito Junior da Femac, destacando o esfor\u00e7o da dire\u00e7\u00e3o na manuten\u00e7\u00e3o do hospital.<br \/>\nJunior tamb\u00e9m lembra que a maioria dos pacientes s\u00e3o atendidos pelo Hospital da Provid\u00eancia, atrav\u00e9s do Sistema \u00danico de Sa\u00fade (SUS). \u201cMais de 85% dos pacientes s\u00e3o atendidos via SUS, o que coloca o Hospital da Provid\u00eancia como uns dos que mais atendem pelo SUS no Norte do Paran\u00e1\u201d, ressalta, destacando ainda diversos servi\u00e7os oferecidos, muitos dos quais se tornaram refer\u00eancia no Estado, como o Banco de Leite Materno. &#8220;Vamos continuar apoiando o hospital diretamente e colaborando na busca de recursos junto a parlamentares e tamb\u00e9m em outras esferas de governo&#8221;, assegura Junior da Femac.<br \/>\nA irm\u00e3 Geovana Ramos assinala que para manter o hospital, al\u00e9m dos recursos governamentais  (das esferas federal, estadual e municipal), a institui\u00e7\u00e3o tamb\u00e9m est\u00e1 buscando a ajuda de parlamentares. \u201cEstamos intensificando o trabalho junto a deputados federais e estaduais e senadores. Esse alinhamento de for\u00e7as v\u00eam garantindo nos \u00faltimos anos diversas emendas parlamentares que, aliado \u00e0s campanhas junto \u00e0 popula\u00e7\u00e3o, tem possibilitado manter e melhorar o atendimento aos pacientes\u201d, pontua a diretora-geral do hospital.<br \/>\nDe acordo com a irm\u00e3 Geovana, o primeiro grande projeto de expans\u00e3o do hospital dever\u00e1 ser concretizado at\u00e9 o final do ano. \u201cA obra do pr\u00e9dio que vai abrigar o servi\u00e7o de radioterapia come\u00e7ou em junho e j\u00e1 est\u00e1 70% executada. O novo servi\u00e7o possibilitar\u00e1 o atendimento de pacientes que necessitam deste tipo de tratamento e que hoje s\u00e3o encaminhados para servi\u00e7os de refer\u00eancia em outros munic\u00edpios\u201d, relata, informando que somente a obra, sem contar a aquisi\u00e7\u00e3o de equipamentos, est\u00e1 recebendo investimentos de R$ 3,2 milh\u00f5es.<br \/>\nOutro projeto que a institui\u00e7\u00e3o pretende colocar em pr\u00e1tica nos pr\u00f3ximos anos \u00e9 a transfer\u00eancia do Hospital Materno Infantil para pr\u00e9dio pr\u00f3prio. \u201cO projeto contempla a amplia\u00e7\u00e3o da \u00e1rea constru\u00edda do Hospital da Provid\u00eancia para comportar as atividades do Materno Infantil, al\u00e9m da adequa\u00e7\u00e3o arquitet\u00f4nica da estrutura j\u00e1 existente\u201d, explica a irm\u00e3 Geovana.<br \/>\nO \u201cProvid\u00eancia\u201d tamb\u00e9m tem planos para reformar seu Pronto Socorro, visando adequar o fluxo no setor de recep\u00e7\u00e3o aos pacientes SUS, ambulat\u00f3rio de alta complexidade de ortopedia e o acesso de entrada e sa\u00edda das ambul\u00e2ncias.<br \/>\nConforme Guilherme Borges, diretor-executivo do hospital, o planejamento para os pr\u00f3ximos anos compreende ainda a constru\u00e7\u00e3o de um novo pr\u00e9dio na Rua Os\u00f3rio Ribas de Paula para a realiza\u00e7\u00e3o de atendimentos ambulatoriais de ortopedia, oncologia e neurologia. \u201cTamb\u00e9m planejamentos promover a reforma e reestrutura\u00e7\u00e3o da lavanderia e a substitui\u00e7\u00e3o da caldeira, que j\u00e1 tem mais de 30 anos de uso e necessita de constantes consertos\u201d, completa Borges. <\/p>\n","protected":false},"excerpt":{"rendered":"<p>Investimentos previstos foram detalhados ao prefeito Junior da Femac pela diretoria da institui\u00e7\u00e3o (Foto: PMA)<\/p>\n","protected":false},"author":4,"featured_media":26941,"comment_status":"closed","ping_status":"open","sticky":false,"template":"","format":"standard","meta":{"footnotes":""},"categories":[24],"tags":[],"class_list":["post-26939","post","type-post","status-publish","format-standard","has-post-thumbnail","hentry","category-noticias"],"acf":[],"_links":{"self":[{"href":"http:\/\/www.apucarana.pr.gov.br\/site\/wp-json\/wp\/v2\/posts\/26939","targetHints":{"allow":["GET"]}}],"collection":[{"href":"http:\/\/www.apucarana.pr.gov.br\/site\/wp-json\/wp\/v2\/posts"}],"about":[{"href":"http:\/\/www.apucarana.pr.gov.br\/site\/wp-json\/wp\/v2\/types\/post"}],"author":[{"embeddable":true,"href":"http:\/\/www.apucarana.pr.gov.br\/site\/wp-json\/wp\/v2\/users\/4"}],"replies":[{"embeddable":true,"href":"http:\/\/www.apucarana.pr.gov.br\/site\/wp-json\/wp\/v2\/comments?post=26939"}],"version-history":[{"count":1,"href":"http:\/\/www.apucarana.pr.gov.br\/site\/wp-json\/wp\/v2\/posts\/26939\/revisions"}],"predecessor-version":[{"id":100101,"href":"http:\/\/www.apucarana.pr.gov.br\/site\/wp-json\/wp\/v2\/posts\/26939\/revisions\/100101"}],"wp:featuredmedia":[{"embeddable":true,"href":"http:\/\/www.apucarana.pr.gov.br\/site\/wp-json\/"}],"wp:attachment":[{"href":"http:\/\/www.apucarana.pr.gov.br\/site\/wp-json\/wp\/v2\/media?parent=26939"}],"wp:term":[{"taxonomy":"category","embeddable":true,"href":"http:\/\/www.apucarana.pr.gov.br\/site\/wp-json\/wp\/v2\/categories?post=26939"},{"taxonomy":"post_tag","embeddable":true,"href":"http:\/\/www.apucarana.pr.gov.br\/site\/wp-json\/wp\/v2\/tags?post=26939"}],"curies":[{"name":"wp","href":"https:\/\/api.w.org\/{rel}","templated":true}]}}