{"id":2693,"date":"2015-03-27T11:39:59","date_gmt":"2015-03-27T11:39:59","guid":{"rendered":"http:\/\/172.16.0.7\/site-antigo\/?p=2693"},"modified":"2024-10-08T09:10:15","modified_gmt":"2024-10-08T12:10:15","slug":"festa-de-santo-expedito-e-lancada-com-a-expectativa-de-atrair-10-mil-fieis","status":"publish","type":"post","link":"http:\/\/www.apucarana.pr.gov.br\/site\/festa-de-santo-expedito-e-lancada-com-a-expectativa-de-atrair-10-mil-fieis\/","title":{"rendered":"Festa de Santo Expedito \u00e9 lan\u00e7ada com a expectativa de atrair 10 mil fi\u00e9is"},"content":{"rendered":"<\/p>\n<p>O dia 19 abril, data consagrada a Santo Expedito, neste ano ser\u00e1 num domingo. Com isso, os organizadores da 11\u00aa Festa Nacional de Santo Expedito esperam reunir, ao longo deste dia, cerca de 10 mil f\u00e9is. A expectativa foi apresentada nesta sexta-feira (27\/03), durante a divulga\u00e7\u00e3o da programa\u00e7\u00e3o do evento, que contar\u00e1 com missas, ora\u00e7\u00f5es de hora em hora e show de m\u00fasica crist\u00e3 e de pirotecnia.<\/p>\n<p>A festa \u00e9 uma promo\u00e7\u00e3o da Par\u00f3quia Nossa Senhora Aparecida, localizada no Bairro da Igrejinha, em parceria com Prefeitura de Apucarana, atrav\u00e9s da Secretaria Municipal de Promo\u00e7\u00e3o Art\u00edstica, Cultural e Tur\u00edstica. Toda a programa\u00e7\u00e3o acontece no Parque Ecol\u00f3gico de Santo Expedito, localizado na Rua Pedro Menegazzo, onde ser\u00e1 montada uma estrutura de acolhimento.<\/p>\n<p>O prefeito de Apucarana, Beto Preto, afirma que o Munic\u00edpio tamb\u00e9m est\u00e1 colocando \u00e0 disposi\u00e7\u00e3o outras secretarias para contribuir com a organiza\u00e7\u00e3o do evento. &ldquo;Vamos prestar apoio na limpeza do parque e na montagem da estrutura, disponibilizando banheiros qu\u00edmicos, palco e ilumina\u00e7\u00e3o, entre outros. &Eacute; um evento tradicional e Apucarana receber\u00e1 neste dia caravanas de v\u00e1rios munic\u00edpios, que v\u00eam at\u00e9 aqui para momentos de ora\u00e7\u00e3o, f\u00e9 e espiritualidade&rdquo;, assinala Beto Preto.<\/p>\n<p>De acordo com o padre Domingos S\u00e1vio Lazarin, da Par\u00f3quia Nossa Senhora Aparecida, a programa\u00e7\u00e3o come\u00e7a \u00e1s 8 horas, quando ser\u00e1 celebrada uma missa no anfiteatro do parque. Depois, ao longo do dia haver\u00e1 ora\u00e7\u00f5es de hora em hora e barracas que ser\u00e3o mantidas pela Associa\u00e7\u00e3o dos Ambulantes de Apucarana, abrangendo pra\u00e7a de alimenta\u00e7\u00e3o, artesanato e comercializa\u00e7\u00e3o de \u00edcones religiosos dedicados a Santo Expedito.<\/p>\n<p>O ponto alto da programa\u00e7\u00e3o ser\u00e1 \u00e0s 17 horas, quando ocorre uma santa missa na parte baixa do parque. &ldquo;Esperamos a presen\u00e7a de 3 e 4 mil fi\u00e9is somente na celebra\u00e7\u00e3o das 17 horas. Por cair num domingo, antecipamos o hor\u00e1rio da missa, com o objetivo de que as pessoas que v\u00eam em caravanas durante o dia possam tamb\u00e9m participar da celebra\u00e7\u00e3o, dando tempo para fazer o retorno com tranquilidade&rdquo;, explica o padre S\u00e1vio.<\/p>\n<p>A festa ser\u00e1 encerrada com um show musical de C\u00e9lio Jos\u00e9, cantor leigo que trabalha no Santu\u00e1rio de Santa Rita de C\u00e1ssia, em Lunardelli. &ldquo;Na sequ\u00eancia, tamb\u00e9m haver\u00e1 um bel\u00edssimo show pirot\u00e9cnico, fechando a programa\u00e7\u00e3o. Esperamos caravanas de v\u00e1rias partes do Estado, pois a data, um domingo, favorece muito. Ser\u00e1 um dia especial, num ambiente agrad\u00e1vel, onde os devotos v\u00e3o fazer pedidos, ora\u00e7\u00f5es e agradecer pelas gra\u00e7as alcan\u00e7adas&rdquo;, finaliza M\u00e1rio Felipe, coordenador municipal de turismo religioso.<\/p>\n<p><\/p>\n","protected":false},"excerpt":{"rendered":"<p>Evento contar&aacute; com missas, ora&ccedil;&otilde;es de hora em hora e show de m&uacute;sica crist&atilde; e de pirotecnia<\/p>\n","protected":false},"author":4,"featured_media":0,"comment_status":"closed","ping_status":"closed","sticky":false,"template":"","format":"standard","meta":{"footnotes":""},"categories":[24],"tags":[],"class_list":["post-2693","post","type-post","status-publish","format-standard","hentry","category-noticias"],"acf":[],"_links":{"self":[{"href":"http:\/\/www.apucarana.pr.gov.br\/site\/wp-json\/wp\/v2\/posts\/2693","targetHints":{"allow":["GET"]}}],"collection":[{"href":"http:\/\/www.apucarana.pr.gov.br\/site\/wp-json\/wp\/v2\/posts"}],"about":[{"href":"http:\/\/www.apucarana.pr.gov.br\/site\/wp-json\/wp\/v2\/types\/post"}],"author":[{"embeddable":true,"href":"http:\/\/www.apucarana.pr.gov.br\/site\/wp-json\/wp\/v2\/users\/4"}],"replies":[{"embeddable":true,"href":"http:\/\/www.apucarana.pr.gov.br\/site\/wp-json\/wp\/v2\/comments?post=2693"}],"version-history":[{"count":1,"href":"http:\/\/www.apucarana.pr.gov.br\/site\/wp-json\/wp\/v2\/posts\/2693\/revisions"}],"predecessor-version":[{"id":104186,"href":"http:\/\/www.apucarana.pr.gov.br\/site\/wp-json\/wp\/v2\/posts\/2693\/revisions\/104186"}],"wp:attachment":[{"href":"http:\/\/www.apucarana.pr.gov.br\/site\/wp-json\/wp\/v2\/media?parent=2693"}],"wp:term":[{"taxonomy":"category","embeddable":true,"href":"http:\/\/www.apucarana.pr.gov.br\/site\/wp-json\/wp\/v2\/categories?post=2693"},{"taxonomy":"post_tag","embeddable":true,"href":"http:\/\/www.apucarana.pr.gov.br\/site\/wp-json\/wp\/v2\/tags?post=2693"}],"curies":[{"name":"wp","href":"https:\/\/api.w.org\/{rel}","templated":true}]}}