{"id":26929,"date":"2019-10-01T21:08:11","date_gmt":"2019-10-02T00:08:11","guid":{"rendered":"http:\/\/172.16.0.7\/site-antigo\/?p=26929"},"modified":"2024-10-08T09:19:50","modified_gmt":"2024-10-08T12:19:50","slug":"apucarana-viabiliza-ampliacao-do-quartel-do-corpo-de-bombeiros","status":"publish","type":"post","link":"http:\/\/www.apucarana.pr.gov.br\/site\/apucarana-viabiliza-ampliacao-do-quartel-do-corpo-de-bombeiros\/","title":{"rendered":"Apucarana viabiliza amplia\u00e7\u00e3o do quartel do Corpo de Bombeiros"},"content":{"rendered":"<p>Em ato realizado na manh\u00e3 desta ter\u00e7a-feira, no gabinete municipal, o prefeito Junior da Femac autorizou a ordem de servi\u00e7o para o in\u00edcio das obras de amplia\u00e7\u00e3o das instala\u00e7\u00f5es do quartel central do 11\u00ba Grupamento do Corpo de Bombeiros de Apucarana. O engenheiro Alberto de Souza, da Construtora Atrion (Londrina), anunciou que as obras come\u00e7am de imediato, com prazo de 180 dias para a entrega.<br \/>\nAo liberar a ordem de servi\u00e7o, o prefeito Junior da Femac fez quest\u00e3o de lembrar que a taxa do Fundo de Reequipamento do Corpo de Bombeiros (Funrebom) foi extinta por decis\u00e3o do Supremo Tribunal Federal (STF). \u201cA taxa era cobrada dos contribuintes embutida no Imposto Predial e Territorial Urbano (IPTU) e os munic\u00edpios ficaram impedidos de cobr\u00e1-la\u201d, recordou Junior.<br \/>\nSegundo o prefeito, o dinheiro proveniente do funrebom era destinado \u00e0 compra e manuten\u00e7\u00e3o de ve\u00edculos e equipamentos, al\u00e9m de reparos e obras necess\u00e1rias nas instala\u00e7\u00f5es do Corpo de Bombeiros. \u201cFelizmente, em Apucarana pelas m\u00e3os do ex-prefeito Beto Preto, a prefeitura passou a manter dota\u00e7\u00e3o or\u00e7ament\u00e1ria para atender as demandas dos bombeiros\u201d, lembrou Junior.<br \/>\nAgora, com o dinheiro reservado aos bombeiros, a prefeitura ir\u00e1 custear as obras de reforma (216m\u00b2) e de amplia\u00e7\u00e3o (187m\u00b2), or\u00e7adas em R$ 508 mil. \u201cCom a eleva\u00e7\u00e3o \u00e0 condi\u00e7\u00e3o de grupamento, que equivale a um batalh\u00e3o regional, o quartel central de Apucarana necessita de maior estrutura f\u00edsica, para atender suas demandas\u201d, justifica o prefeito.<br \/>\nO comandante do 11\u00ba Grupamento de Bombeiros, major Andr\u00e9 Lopes informa que ser\u00e1 constru\u00eddo um segundo piso, onde existe hoje uma garagem de viaturas. \u201cNeste local ser\u00e3o edificadas oito salas administrativas, uma sala de v\u00eddeo-confer\u00eancia, uma sala para o comando, dormit\u00f3rio, \u00e1rea de estar e sanit\u00e1rios, al\u00e9m da instala\u00e7\u00e3o de um elevador\u201d, anuncia o comandante.<br \/>\nAndr\u00e9 Lopes, em nome do coronel Prestes, comandante geral do Corpo de Bombeiros do Paran\u00e1, prestou agradecimento ao prefeito Junior da Femac e a secretaria municipal de obras, na pessoa do secret\u00e1rio Herivelto Moreno e da engenheira Caroline Moreira. \u201cO Beto Preto e agora o Junior da Femac cumprem de forma exemplar a sua parceria com o Corpo de Bombeiros\u201d, frisou o major.<br \/>\nNa autoriza\u00e7\u00e3o da ordem de servi\u00e7o, a C\u00e2mara Municipal foi representada pelo vereador Mauro Bertoli. Ele cumprimentou o prefeito Junior da Femac pelo repasse dos recursos e o comandante do Corpo de Bombeiros pela conquista da estrutura. \u201cO Legislativo tem dado o suporte necess\u00e1rio para obras importantes com essa\u201d, destacou Bertoli.<br \/>\nAtualmente, o Grupamento dos Bombeiros de Apucarana atendem 22 munic\u00edpios da regi\u00e3o norte, incluindo Arapongas e Mandaguari, que mant\u00e9m suas unidades; e Jandaia do Sul e Faxinal, que t\u00eam bombeiros comunit\u00e1rios. O grupamento mant\u00e9m hoje 60 bombeiros, mas para o pr\u00f3ximo ano deve receber novos integrantes, com a realiza\u00e7\u00e3o de concurso p\u00fablico.<\/p>\n","protected":false},"excerpt":{"rendered":"<p>Projeto or\u00e7ado em R$ 508 mil ser\u00e1 custeado com recursos do IPTU do Munic\u00edpio (Foto: PMA)<\/p>\n","protected":false},"author":4,"featured_media":26936,"comment_status":"closed","ping_status":"open","sticky":false,"template":"","format":"standard","meta":{"footnotes":""},"categories":[24],"tags":[],"class_list":["post-26929","post","type-post","status-publish","format-standard","has-post-thumbnail","hentry","category-noticias"],"acf":[],"_links":{"self":[{"href":"http:\/\/www.apucarana.pr.gov.br\/site\/wp-json\/wp\/v2\/posts\/26929","targetHints":{"allow":["GET"]}}],"collection":[{"href":"http:\/\/www.apucarana.pr.gov.br\/site\/wp-json\/wp\/v2\/posts"}],"about":[{"href":"http:\/\/www.apucarana.pr.gov.br\/site\/wp-json\/wp\/v2\/types\/post"}],"author":[{"embeddable":true,"href":"http:\/\/www.apucarana.pr.gov.br\/site\/wp-json\/wp\/v2\/users\/4"}],"replies":[{"embeddable":true,"href":"http:\/\/www.apucarana.pr.gov.br\/site\/wp-json\/wp\/v2\/comments?post=26929"}],"version-history":[{"count":1,"href":"http:\/\/www.apucarana.pr.gov.br\/site\/wp-json\/wp\/v2\/posts\/26929\/revisions"}],"predecessor-version":[{"id":100103,"href":"http:\/\/www.apucarana.pr.gov.br\/site\/wp-json\/wp\/v2\/posts\/26929\/revisions\/100103"}],"wp:featuredmedia":[{"embeddable":true,"href":"http:\/\/www.apucarana.pr.gov.br\/site\/wp-json\/"}],"wp:attachment":[{"href":"http:\/\/www.apucarana.pr.gov.br\/site\/wp-json\/wp\/v2\/media?parent=26929"}],"wp:term":[{"taxonomy":"category","embeddable":true,"href":"http:\/\/www.apucarana.pr.gov.br\/site\/wp-json\/wp\/v2\/categories?post=26929"},{"taxonomy":"post_tag","embeddable":true,"href":"http:\/\/www.apucarana.pr.gov.br\/site\/wp-json\/wp\/v2\/tags?post=26929"}],"curies":[{"name":"wp","href":"https:\/\/api.w.org\/{rel}","templated":true}]}}