{"id":26921,"date":"2019-10-01T17:17:07","date_gmt":"2019-10-01T20:17:07","guid":{"rendered":"http:\/\/172.16.0.7\/site-antigo\/?p=26921"},"modified":"2024-10-08T09:19:51","modified_gmt":"2024-10-08T12:19:51","slug":"grupos-conviver-realizam-exposicao-de-trabalhos","status":"publish","type":"post","link":"http:\/\/www.apucarana.pr.gov.br\/site\/grupos-conviver-realizam-exposicao-de-trabalhos\/","title":{"rendered":"Grupos Conviver realizam exposi\u00e7\u00e3o de trabalhos"},"content":{"rendered":"<p>Trabalhos manuais produzidos pelos idosos que frequentam os Grupos Conviver de Apucarana v\u00e3o estar \u00e0 mostra nesta quarta e quinta-feira (02 e 03\/10), das 9 \u00e0s 17 horas, na Pra\u00e7a Rui Barbosa. Espa\u00e7os de conv\u00edvio, socializa\u00e7\u00e3o, inclus\u00e3o e fortalecimento de v\u00ednculos entre pessoas da terceira idade coordenados pela Secretaria Municipal da Assist\u00eancia Social, atualmente existem 42 Grupos Conviver. \u201cNeste evento vamos contar com trabalhos de 23 grupos, que estar\u00e3o representados por dois ou tr\u00eas integrantes, que ir\u00e3o expor \u00e0 sociedade artesanatos, croch\u00eas, toalhas, tapetes, panos de prato, entre outros produtos confeccionados durante as oficinas que acontecem semanalmente\u201d, relata Ana Paula Nazarko, secret\u00e1ria Municipal da Assist\u00eancia Social.<br \/>\nReferenciados aos Centros de Refer\u00eancia da Assist\u00eancia Social (CRAS), os Grupos Conviver est\u00e3o presentes em in\u00fameros bairros de Apucarana atendendo a mais de mil idosos com atividades sociais, f\u00edsicas, culturais, recreativas e intelectuais, contribuindo para evitar o isolamento social e para um envelhecimento mais saud\u00e1vel. Com encontros semanais, as a\u00e7\u00f5es acontecem em centros comunit\u00e1rios e paroquiais, em resid\u00eancias, sempre sob a coordena\u00e7\u00e3o de profissionais e oficineiros capacitados. \u201cAs atividades englobam ainda monitoramento da sa\u00fade, passeios e comemora\u00e7\u00f5es diversas\u201d, relata Ana Paula.<br \/>\nMais informa\u00e7\u00f5es sobre como participar das atividades e a localiza\u00e7\u00e3o do Grupo Conviver mais pr\u00f3ximo podem ser obtidas pelo telefone 3425-1511, no Centro Social Urbano do Parque Bela Vista, ou em qualquer um dos quatro CRAS de Apucarana.<br \/>\nPrograma\u00e7\u00e3o do \u201cM\u00eas do Idoso\u201d<br \/>\nA Secretaria da Assist\u00eancia Social de Apucarana divulgou a agenda de atividades em comemora\u00e7\u00e3o a Semana Nacional do Idoso. O in\u00edcio das a\u00e7\u00f5es acontece na pr\u00f3xima segunda-feira (07\/10), a partir das 13h30, com um bate papo sobre redes sociais na sede do Centro de Conviv\u00eancia do Idoso (CCI), localizado no Jardim Aeroporto. \u201cDurante todo o m\u00eas de outubro, que se divide em Outubro Rosa e Semana do Idoso, os participantes dos bailes de quarta-feira e das atividades di\u00e1rias receber\u00e3o palestras, atendimentos e testes r\u00e1pidos de sa\u00fade\u201d, informa o prefeito J\u00fanior da Femac.<br \/>\nDia 10, \u00e0s 14 horas, tamb\u00e9m no CCI, palestra \u201cEnvelhecer com qualidade de vida\u201d, ministrada por profissionais da Assist\u00eancia Social, Sa\u00fade, Seguran\u00e7a P\u00fablica, Educa\u00e7\u00e3o e entidades parceiras. Dia 14, a partir das 13 horas, no Polo UAB (Pra\u00e7a Rui Barbosa, 12), acontece curso de inform\u00e1tica para Terceira Idade. Dia 17, \u00e0s 14 horas, no CCI, palestra \u201cComo envelhecer ativo e saud\u00e1vel\u201d, com profissionais de diversas \u00e1reas. \u201cA programa\u00e7\u00e3o inclui ainda bailes tem\u00e1ticos nas quartas-feiras, no CCI, e nas sextas-feiras, no gin\u00e1sio do Sesc Apucarana, sempre a partir das 14 horas\u201d, informa Ana Maria Schmidt, diretora do Servi\u00e7o de Prote\u00e7\u00e3o Social Especial de M\u00e9dia Complexidade.<br \/>\nO encerramento das festividades do \u201cM\u00eas do Idoso\u201d acontece dia 30 de outubro, no Centro de Conviv\u00eancia do Jardim Aeroporto, com o \u201cBaile da Primavera\u201d, onde ser\u00e3o corados o \u201cRei\u201d e a \u201cRainha da Primavera\u201d.<br \/>\nServi\u00e7o \u2013 O Centro de Conviv\u00eancia do Idoso (CCI) fica na Avenida Avia\u00e7\u00e3o, 2675 \u2013 Jardim Aeroporto. Contato no local pode ser feito pelo telefone 3423-5453 ou e-mail: cciapuc@apucarana.pr.gov.br.<\/p>\n","protected":false},"excerpt":{"rendered":"<p>Espa\u00e7os de conv\u00edvio, socializa\u00e7\u00e3o, inclus\u00e3o e fortalecimento de v\u00ednculos entre pessoas da terceira idade coordenados pela Secretaria Municipal da Assist\u00eancia Social, atualmente existem 42 Grupos Conviver em Apucarana<\/p>\n","protected":false},"author":4,"featured_media":26927,"comment_status":"closed","ping_status":"open","sticky":false,"template":"","format":"standard","meta":{"footnotes":""},"categories":[24],"tags":[],"class_list":["post-26921","post","type-post","status-publish","format-standard","has-post-thumbnail","hentry","category-noticias"],"acf":[],"_links":{"self":[{"href":"http:\/\/www.apucarana.pr.gov.br\/site\/wp-json\/wp\/v2\/posts\/26921","targetHints":{"allow":["GET"]}}],"collection":[{"href":"http:\/\/www.apucarana.pr.gov.br\/site\/wp-json\/wp\/v2\/posts"}],"about":[{"href":"http:\/\/www.apucarana.pr.gov.br\/site\/wp-json\/wp\/v2\/types\/post"}],"author":[{"embeddable":true,"href":"http:\/\/www.apucarana.pr.gov.br\/site\/wp-json\/wp\/v2\/users\/4"}],"replies":[{"embeddable":true,"href":"http:\/\/www.apucarana.pr.gov.br\/site\/wp-json\/wp\/v2\/comments?post=26921"}],"version-history":[{"count":1,"href":"http:\/\/www.apucarana.pr.gov.br\/site\/wp-json\/wp\/v2\/posts\/26921\/revisions"}],"predecessor-version":[{"id":100104,"href":"http:\/\/www.apucarana.pr.gov.br\/site\/wp-json\/wp\/v2\/posts\/26921\/revisions\/100104"}],"wp:featuredmedia":[{"embeddable":true,"href":"http:\/\/www.apucarana.pr.gov.br\/site\/wp-json\/"}],"wp:attachment":[{"href":"http:\/\/www.apucarana.pr.gov.br\/site\/wp-json\/wp\/v2\/media?parent=26921"}],"wp:term":[{"taxonomy":"category","embeddable":true,"href":"http:\/\/www.apucarana.pr.gov.br\/site\/wp-json\/wp\/v2\/categories?post=26921"},{"taxonomy":"post_tag","embeddable":true,"href":"http:\/\/www.apucarana.pr.gov.br\/site\/wp-json\/wp\/v2\/tags?post=26921"}],"curies":[{"name":"wp","href":"https:\/\/api.w.org\/{rel}","templated":true}]}}