{"id":2692,"date":"2015-03-26T21:11:00","date_gmt":"2015-03-26T21:11:00","guid":{"rendered":"http:\/\/172.16.0.7\/site-antigo\/?p=2692"},"modified":"2024-10-08T09:10:15","modified_gmt":"2024-10-08T12:10:15","slug":"comerciantes-e-moradores-se-reunem-com-o-prefeito-e-pedem-mais-seguranca","status":"publish","type":"post","link":"http:\/\/www.apucarana.pr.gov.br\/site\/comerciantes-e-moradores-se-reunem-com-o-prefeito-e-pedem-mais-seguranca\/","title":{"rendered":"Comerciantes e moradores se re\u00fanem  com o prefeito e pedem mais seguran\u00e7a"},"content":{"rendered":"<p><p><span style=\"letter-spacing: -0.02em; line-height: 1.45em; background-color: initial;\">Um grupo de comerciantes e moradores da Barra Funda procurou na manh\u00e3 de hoje o prefeito Beto Preto, para pedir mais aten\u00e7\u00e3o em rela\u00e7\u00e3o \u00e0 conduta de moradores de rua. Os problemas estariam acontecendo principalmente no entorno de duas estruturas do Centro de Refer\u00eancia Especializado para Pessoas em Situa\u00e7\u00e3o de Rua (Centro Pop). Uma delas est\u00e1 localizada na Rua Clot\u00e1rio Portugal e a outra na Avenida Curitiba, junto da Pra\u00e7a Mau\u00e1.<\/span><\/p>\n<p>Entre os problemas relatados est\u00e3o xingamentos, consumo de bebidas alco\u00f3licas e at\u00e9 necessidades fisiol\u00f3gicas em \u00e1reas de circula\u00e7\u00e3o de pessoas. Segundo moradores e lojistas da regi\u00e3o tamb\u00e9m incomodam algumas brigas entre moradores de rua e tamb\u00e9m acumulo de lixo deixado por eles. <\/p>\n<p>Mesmo sem agendamento, o prefeito fez quest\u00e3o de atender o grupo em seu gabinete e discutir a quest\u00e3o e as medidas necess\u00e1rias para sanar os problemas. Ao tomar conhecimento do teor das reclama\u00e7\u00f5es, o prefeito convocou com urg\u00eancia representantes do Minist\u00e9rio P\u00fablico, da Guarda Municipal e da Secretaria Municipal de Assist\u00eancia Social. Compareceram ao encontro o promotor Thiago Gevaerd Cava, da 2\u00aa Promotoria de Justi\u00e7a do Minist\u00e9rio P\u00fablico, e o tenente Edinei Francisco da Silva, comandante da GM, al\u00e9m da secret\u00e1ria municipal de Assist\u00eancia Social, M\u00e1rcia Regina Sousa, da coordenadora do Centro Pop, Aline Barbosa, do secret\u00e1rio municipal de Governo, S\u00e9rgio Luiz Barroso, e do procurador jur\u00eddico do Munic\u00edpio, Paulo Vital.<\/p>\n<p>Uma das reclama\u00e7\u00f5es est\u00e1 relacionada com a localiza\u00e7\u00e3o dos espa\u00e7os, na \u00e1rea central, para atendimento dos moradores em situa\u00e7\u00e3o de rua. &ldquo;Estamos cumprindo rigorosamente o que determina a legisla\u00e7\u00e3o do programa, ou seja, mantendo espa\u00e7os de atendimento em locais situados dentro do per\u00edmetro urbano, preferencialmente na \u00e1rea central e pr\u00f3ximos de entradas e sa\u00eddas da cidade&rdquo;, argumentou Beto Preto, afirmando ainda que os locais foram aprovados pelo Minist\u00e9rio P\u00fablico e Vigil&acirc;ncia Sanit\u00e1ria.<\/p>\n<p>Atualmente, a Prefeitura mant\u00e9m o Centro Pop na Rua Clot\u00e1rio Portugal, que oferece o atendimento social e psicol\u00f3gico, al\u00e9m de almo\u00e7o e passagens de &ocirc;nibus, entre outros servi\u00e7os. &ldquo;J\u00e1 o Abrigo Pop fica na Avenida Curitiba, pr\u00f3ximo \u00e0 Pra\u00e7a Mau\u00e1. O espa\u00e7o, que funciona na antiga pens\u00e3o da fam\u00edlia da professora Vanda Fran\u00e7a, que j\u00e1 oferecia o pernoite e agora passa a funcionar 24 horas por dia, sendo um local onde os moradores de rua poder\u00e3o ficar para fazer as refei\u00e7\u00f5es e enquanto aguardam encaminhamentos, como consultas m\u00e9dicas, cursos de qualifica\u00e7\u00e3o e, inclusive, entrevista de trabalho&rdquo;, assinala.<\/p>\n<p>O prefeito reconheceu o direito de ir e vir das pessoas, mas tamb\u00e9m ponderou que o Munic\u00edpio necessita dar sequ\u00eancia \u00e0 pol\u00edtica de atendimento aos moradores de rua. &ldquo;A Guarda Municipal j\u00e1 est\u00e1 fazendo rondas di\u00e1rias nestes dois locais de atendimento e vamos intensificar essa atua\u00e7\u00e3o&rdquo;, assinalou, acrescentando que o antigo albergue noturno de Apucarana, comandado pelo saudoso Sr. Geraldo, funcionava num ponto ainda mais central da cidade. <\/p>\n<p>Beto Preto lembrou que o principal objetivo do programa \u00e9 fazer a ressocializa\u00e7\u00e3o dos moradores de rua e citou como exemplo o trabalho que vem sendo realizado pelo Patronato Municipal no atendimento a egressos do sistema penitenci\u00e1rio. &ldquo;Morador de rua tamb\u00e9m pode ser um trabalhador, que pode momentaneamente estar desamparado por algum motivo. Temos que desenvolver a pol\u00edtica de atendimento, contando com a ajuda da sociedade. Na reuni\u00e3o de ontem, tanto o Munic\u00edpio quanto os moradores, exerceram o direito democr\u00e1tico de se manifestar. Foi um encontro muito importante e, podem ter certeza, que n\u00f3s iremos adotar as provid\u00eancias necess\u00e1rias, diante das informa\u00e7\u00f5es que foram repassadas. J\u00e1 agendamos um novo encontro com o grupo que nos procurou para daqui a 10 dias, com o objetivo de avaliar em conjunto se as medidas adotadas surtiram o efeito almejado&rdquo;, finalizou o prefeito Beto Preto, reiterando que seu mandato \u00e9 transparente e aberto ao di\u00e1logo.<\/p>\n<p><\/p>\n","protected":false},"excerpt":{"rendered":"<p>Uma das reclama&ccedil;&otilde;es est&aacute; relacionada com a localiza&ccedil;&atilde;o dos espa&ccedil;os, na &aacute;rea central, para atendimento dos moradores em situa&ccedil;&atilde;o de rua<\/p>\n","protected":false},"author":4,"featured_media":0,"comment_status":"closed","ping_status":"closed","sticky":false,"template":"","format":"standard","meta":{"footnotes":""},"categories":[24],"tags":[],"class_list":["post-2692","post","type-post","status-publish","format-standard","hentry","category-noticias"],"acf":[],"_links":{"self":[{"href":"http:\/\/www.apucarana.pr.gov.br\/site\/wp-json\/wp\/v2\/posts\/2692","targetHints":{"allow":["GET"]}}],"collection":[{"href":"http:\/\/www.apucarana.pr.gov.br\/site\/wp-json\/wp\/v2\/posts"}],"about":[{"href":"http:\/\/www.apucarana.pr.gov.br\/site\/wp-json\/wp\/v2\/types\/post"}],"author":[{"embeddable":true,"href":"http:\/\/www.apucarana.pr.gov.br\/site\/wp-json\/wp\/v2\/users\/4"}],"replies":[{"embeddable":true,"href":"http:\/\/www.apucarana.pr.gov.br\/site\/wp-json\/wp\/v2\/comments?post=2692"}],"version-history":[{"count":1,"href":"http:\/\/www.apucarana.pr.gov.br\/site\/wp-json\/wp\/v2\/posts\/2692\/revisions"}],"predecessor-version":[{"id":104187,"href":"http:\/\/www.apucarana.pr.gov.br\/site\/wp-json\/wp\/v2\/posts\/2692\/revisions\/104187"}],"wp:attachment":[{"href":"http:\/\/www.apucarana.pr.gov.br\/site\/wp-json\/wp\/v2\/media?parent=2692"}],"wp:term":[{"taxonomy":"category","embeddable":true,"href":"http:\/\/www.apucarana.pr.gov.br\/site\/wp-json\/wp\/v2\/categories?post=2692"},{"taxonomy":"post_tag","embeddable":true,"href":"http:\/\/www.apucarana.pr.gov.br\/site\/wp-json\/wp\/v2\/tags?post=2692"}],"curies":[{"name":"wp","href":"https:\/\/api.w.org\/{rel}","templated":true}]}}