{"id":26910,"date":"2019-10-01T12:26:09","date_gmt":"2019-10-01T15:26:09","guid":{"rendered":"http:\/\/172.16.0.7\/site-antigo\/?p=26910"},"modified":"2024-10-08T09:19:51","modified_gmt":"2024-10-08T12:19:51","slug":"fabricantes-retiram-130-mil-lampadas-da-cocap","status":"publish","type":"post","link":"http:\/\/www.apucarana.pr.gov.br\/site\/fabricantes-retiram-130-mil-lampadas-da-cocap\/","title":{"rendered":"Fabricantes retiram 130 mil l\u00e2mpadas da Cocap"},"content":{"rendered":"<p>Cumprindo decis\u00e3o judicial,\u00a0 a Associa\u00e7\u00e3o Brasileira de Importadores de Produtos de Ilumina\u00e7\u00e3o (Abilumi) e a Associa\u00e7\u00e3o Brasileira da Ind\u00fastria de Ilumina\u00e7\u00e3o (Abilux) iniciaram nesta semana a retirada de cerca de 130 mil l\u00e2mpadas, que estavam armazenadas no barrac\u00e3o da Cooperativa dos Catadores de Materiais Recicl\u00e1veis de\u00a0<em>Apucarana (Cocap).<\/em><br \/>\nA Abilumi e a Abilux representam os fabricantes das l\u00e2mpadas de vapor de merc\u00fario, consideradas nocivas \u00e0 sa\u00fade e que necessitam de um processo especial de descontamina\u00e7\u00e3o. O material est\u00e1 sendo levado para a Mega Reciclagem, empresa localizada em Curitiba e especializada neste tipo de servi\u00e7o. A estimativa \u00e9 que todo o material seja retirado do barrac\u00e3o da Cocap at\u00e9 o final desta semana.<br \/>\nO prefeito de Apucarana, Junior da Femac, lembra que o material estava armazenado h\u00e1 cerca de 10 anos no barrac\u00e3o da Cocap. \u201cHoje \u00e9 um dia em que nos sentimos um pouco mais aliviados, pois finalmente chegou a solu\u00e7\u00e3o para esse passivo ambiental e que gera riscos \u00e0 sa\u00fade. A solu\u00e7\u00e3o poderia ter sido mais r\u00e1pida, mas infelizmente as fabricantes conseguiram atrasar o cumprimento da log\u00edstica reversa gra\u00e7as a v\u00e1rios recursos impetrados\u00a0 na Justi\u00e7a\u201d, contextualiza Junior da Femac.<br \/>\nO prefeito lembra que a Prefeitura intensificou a busca por uma solu\u00e7\u00e3o a partir de 2014, quando o Munic\u00edpio passou a ser, junto como Minist\u00e9rio P\u00fablico, parte interessada desta a\u00e7\u00e3o. Por outro lado, Junior da Femac demonstra preocupa\u00e7\u00e3o com a continuidade do cumprimento da log\u00edstica reversa e cobra das fabricantes medidas efetivas. \u201cO que est\u00e1 acontecendo agora \u00e9 a solu\u00e7\u00e3o para este passivo, mas sabemos que diariamente mais l\u00e2mpadas s\u00e3o descartadas e precisamos saber como ser\u00e1 feita a destina\u00e7\u00e3o\u201d, reitera.<br \/>\nO secret\u00e1rio municipal de Meio Ambiente, S\u00e9rgio Bobig, afirma que nesta quarta-feira estar\u00e1 em Curitiba para tratar deste assunto. \u201cEstaremos reunidos com o R-20, que re\u00fane representantes de munic\u00edpios e cons\u00f3rcios intermunicipais para a gest\u00e3o associada da pol\u00edtica nacional de res\u00edduos s\u00f3lidos. Uma das propostas sugeridas \u00e9 que a Abilumi e a Abilux criem um roteiro de coleta em todos os munic\u00edpios, para dar continuidade ao cumprimento da log\u00edstica reversa\u201d, assinala Bobig.<br \/>\nAtualmente, conforme Bobig, as duas associa\u00e7\u00f5es mant\u00eam apenas um ponto de coleta localizado no Supermercado Condor. \u201c\u00c9 um display com capacidade para apenas 50 l\u00e2mpadas, o que \u00e9 muito pouco\u201d, afirma Bobig, sugerindo um aumento na capacidade ou a cria\u00e7\u00e3o de mais pontos de coleta na cidade.<br \/>\nAnt\u00f4nio Nogueira, interventor administrativo da Cocap, afirma que a medida de recolhimento representa al\u00edvio para a popula\u00e7\u00e3o e, especialmente, para os trabalhadores da associa\u00e7\u00e3o. \u201cParecia que esse pesadelo nunca ia acabar. A retirada significa mais tranq\u00fcilidade para os cooperados, pois a gente n\u00e3o sabia exatamente quais eram os riscos a que eles estavam sendo submetidos\u201d, afirma Nogueira.<br \/>\nAl\u00e9m da quest\u00e3o de sa\u00fade, a grande quantidade de material tamb\u00e9m restringia a ocupa\u00e7\u00e3o do espa\u00e7o. \u201cAgora, vamos conseguir liberar uma \u00e1rea de cerca de 200 metros quadrados, o que ser\u00e1 muito importante para o desenvolvimento das atividades da Copap\u201d, observa Nogueira.<\/p>\n","protected":false},"excerpt":{"rendered":"<p>O material est\u00e1 sendo levado para a Mega Reciclagem, empresa localizada em Curitiba e especializada no processo de descontamina\u00e7\u00e3o. (Foto: PMA)<\/p>\n","protected":false},"author":4,"featured_media":26911,"comment_status":"closed","ping_status":"open","sticky":false,"template":"","format":"standard","meta":{"footnotes":""},"categories":[24],"tags":[],"class_list":["post-26910","post","type-post","status-publish","format-standard","has-post-thumbnail","hentry","category-noticias"],"acf":[],"_links":{"self":[{"href":"http:\/\/www.apucarana.pr.gov.br\/site\/wp-json\/wp\/v2\/posts\/26910","targetHints":{"allow":["GET"]}}],"collection":[{"href":"http:\/\/www.apucarana.pr.gov.br\/site\/wp-json\/wp\/v2\/posts"}],"about":[{"href":"http:\/\/www.apucarana.pr.gov.br\/site\/wp-json\/wp\/v2\/types\/post"}],"author":[{"embeddable":true,"href":"http:\/\/www.apucarana.pr.gov.br\/site\/wp-json\/wp\/v2\/users\/4"}],"replies":[{"embeddable":true,"href":"http:\/\/www.apucarana.pr.gov.br\/site\/wp-json\/wp\/v2\/comments?post=26910"}],"version-history":[{"count":1,"href":"http:\/\/www.apucarana.pr.gov.br\/site\/wp-json\/wp\/v2\/posts\/26910\/revisions"}],"predecessor-version":[{"id":100105,"href":"http:\/\/www.apucarana.pr.gov.br\/site\/wp-json\/wp\/v2\/posts\/26910\/revisions\/100105"}],"wp:featuredmedia":[{"embeddable":true,"href":"http:\/\/www.apucarana.pr.gov.br\/site\/wp-json\/"}],"wp:attachment":[{"href":"http:\/\/www.apucarana.pr.gov.br\/site\/wp-json\/wp\/v2\/media?parent=26910"}],"wp:term":[{"taxonomy":"category","embeddable":true,"href":"http:\/\/www.apucarana.pr.gov.br\/site\/wp-json\/wp\/v2\/categories?post=26910"},{"taxonomy":"post_tag","embeddable":true,"href":"http:\/\/www.apucarana.pr.gov.br\/site\/wp-json\/wp\/v2\/tags?post=26910"}],"curies":[{"name":"wp","href":"https:\/\/api.w.org\/{rel}","templated":true}]}}