{"id":26906,"date":"2019-10-01T11:59:25","date_gmt":"2019-10-01T14:59:25","guid":{"rendered":"http:\/\/172.16.0.7\/site-antigo\/?p=26906"},"modified":"2024-10-08T09:19:51","modified_gmt":"2024-10-08T12:19:51","slug":"apucarana-sediara-13a-olimpiada-da-ordem-demolay","status":"publish","type":"post","link":"http:\/\/www.apucarana.pr.gov.br\/site\/apucarana-sediara-13a-olimpiada-da-ordem-demolay\/","title":{"rendered":"Apucarana sediar\u00e1 13\u00aa Olimp\u00edada da Ordem DeMolay"},"content":{"rendered":"<p>Por todo o trabalho realizado na \u00e1rea de esportes, Apucarana foi escolhida para sediar a 13\u00aa Olimp\u00edada da Ordem DeMolay. O evento acontecer\u00e1 nos dias 1 e 2 de maio de 2020, reunindo cerca de 500 participantes de 43 cidades. Haver\u00e1 disputas nas modalidades de nata\u00e7\u00e3o, futsal, handebol, voleibol, basquete, atletismo e t\u00eanis de mesa.<br \/>\nO an\u00fancio foi feito ao prefeito Junior da Femac nesta ter\u00e7a-feira (01\/10) por Iuki Tamura, \u00a0assessor do grande mestre da Ordem DeMolay no Estado do Paran\u00e1, e por Guilherme Henrique Domingues Arrais, presidente da comiss\u00e3o organizadora da olimp\u00edada. Tamb\u00e9m participaram da reuni\u00e3o a secret\u00e1ria municipal de Esportes, Jossuela Pinheiro, e o vereador Gentil Pereira, que tamb\u00e9m \u00e9 membro do conselho consultivo da Ordem DeMolay \u00a0de Apucarana.<br \/>\nO prefeito Junior da Femac afirma que Apucarana contribuir\u00e1 com a realiza\u00e7\u00e3o do evento, com a presen\u00e7a da equipe de sa\u00fade e da Guarda Municipal. \u201cTamb\u00e9m iremos colaborar com a cess\u00e3o de material esportivo e do Complexo Esportivo Jos\u00e9 Ant\u00f4nio Basso (Lago\u00e3o)\u201d, completa Junior da Femac.<br \/>\nO prefeito frisa ainda que Apucarana foi escolhida por ser refer\u00eancia esportiva no Paran\u00e1. \u201cAnualmente, atrav\u00e9s da equipe da Secretaria de Esportes, Apucarana vem sediando diversos eventos esportivos, seja dos jogos escolares bem como de outras entidades, como j\u00e1 aconteceu com os Jogos dos Contabilistas do Paran\u00e1, com os Jogos Universit\u00e1rios do Paran\u00e1 que est\u00e3o confirmados para o ano que vem e agora tamb\u00e9m com a Olimp\u00edada da Ordem DeMolay\u201d, reitera Junior da Femac.<br \/>\n&nbsp;<\/p>\n","protected":false},"excerpt":{"rendered":"<p>O evento acontecer\u00e1 nos dias 1 e 2 de maio de 2020, reunindo cerca de 500 participantes de 43 cidades.  (Fotos: PMA)<\/p>\n","protected":false},"author":4,"featured_media":26907,"comment_status":"closed","ping_status":"open","sticky":false,"template":"","format":"standard","meta":{"footnotes":""},"categories":[24],"tags":[],"class_list":["post-26906","post","type-post","status-publish","format-standard","has-post-thumbnail","hentry","category-noticias"],"acf":[],"_links":{"self":[{"href":"http:\/\/www.apucarana.pr.gov.br\/site\/wp-json\/wp\/v2\/posts\/26906","targetHints":{"allow":["GET"]}}],"collection":[{"href":"http:\/\/www.apucarana.pr.gov.br\/site\/wp-json\/wp\/v2\/posts"}],"about":[{"href":"http:\/\/www.apucarana.pr.gov.br\/site\/wp-json\/wp\/v2\/types\/post"}],"author":[{"embeddable":true,"href":"http:\/\/www.apucarana.pr.gov.br\/site\/wp-json\/wp\/v2\/users\/4"}],"replies":[{"embeddable":true,"href":"http:\/\/www.apucarana.pr.gov.br\/site\/wp-json\/wp\/v2\/comments?post=26906"}],"version-history":[{"count":1,"href":"http:\/\/www.apucarana.pr.gov.br\/site\/wp-json\/wp\/v2\/posts\/26906\/revisions"}],"predecessor-version":[{"id":100106,"href":"http:\/\/www.apucarana.pr.gov.br\/site\/wp-json\/wp\/v2\/posts\/26906\/revisions\/100106"}],"wp:featuredmedia":[{"embeddable":true,"href":"http:\/\/www.apucarana.pr.gov.br\/site\/wp-json\/"}],"wp:attachment":[{"href":"http:\/\/www.apucarana.pr.gov.br\/site\/wp-json\/wp\/v2\/media?parent=26906"}],"wp:term":[{"taxonomy":"category","embeddable":true,"href":"http:\/\/www.apucarana.pr.gov.br\/site\/wp-json\/wp\/v2\/categories?post=26906"},{"taxonomy":"post_tag","embeddable":true,"href":"http:\/\/www.apucarana.pr.gov.br\/site\/wp-json\/wp\/v2\/tags?post=26906"}],"curies":[{"name":"wp","href":"https:\/\/api.w.org\/{rel}","templated":true}]}}