{"id":26901,"date":"2019-09-30T21:38:26","date_gmt":"2019-10-01T00:38:26","guid":{"rendered":"http:\/\/172.16.0.7\/site-antigo\/?p=26901"},"modified":"2024-10-08T09:19:51","modified_gmt":"2024-10-08T12:19:51","slug":"prefeitura-ira-ceder-projetos-para-casas-rurais","status":"publish","type":"post","link":"http:\/\/www.apucarana.pr.gov.br\/site\/prefeitura-ira-ceder-projetos-para-casas-rurais\/","title":{"rendered":"Prefeitura ir\u00e1 ceder projetos para casas rurais"},"content":{"rendered":"<p>Em reuni\u00e3o mantida na Prefeitura de Apucarana, o prefeito Junior da Femac discutiu com equipe t\u00e9cnica do escrit\u00f3rio local da Emater, a aplica\u00e7\u00e3o do Pronaf Habita\u00e7\u00e3o no Munic\u00edpio. Prontamente, Junior colocou a prefeitura \u00e0 disposi\u00e7\u00e3o, com a cess\u00e3o de algumas op\u00e7\u00f5es de projetos do \u201cCasa F\u00e1cil\u201d, mantido em parceria com o Crea-PR e a Associa\u00e7\u00e3o de Engenheiros e Arquitetos de Apucarana.<br \/>\nO programa viabiliza linha de cr\u00e9dito especial de at\u00e9 R$ 50 mil, via Banco do Brasil, para constru\u00e7\u00e3o de casas em alvenaria com at\u00e9 50m\u00b2, ou a reforma de unidades habitacionais rurais, por meio de parcerias com entidades organizadoras, destinadas \u00e0s fam\u00edlias que se enquadram nos par\u00e2metros do Pronaf Habita\u00e7\u00e3o. A taxa de juros \u00e9 de apenas 4,6% ao ano e com prazo de at\u00e9 10 anos para pagar, com 3 anos de car\u00eancia. A renda m\u00e1xima permitida \u00e9 de R$ 415 mil\/ano.<br \/>\nO p\u00fablico alvo do Programa s\u00e3o os agricultores familiares e pequenos propriet\u00e1rios rurais. Segundo o gerente regional da Emater, Cristovan Ripol, em Apucarana j\u00e1 existem ao menos cinq\u00fcenta fam\u00edlias interessadas nesta linha de cr\u00e9dito para habita\u00e7\u00e3o rural. \u201cPor meio do Banco do Brasil, com apoio da prefeitura e da Emater, ser\u00e1 poss\u00edvel contemplar muitas fam\u00edlias da zona rural de Apucarana\u201d, diz Ripol.<br \/>\nConforme explica o gerente do Banco do Brasil em Apucarana, Everaldo Piva, o primeiro passo dos agricultores familiares interessados neste programa \u00e9 procurar a ag\u00eancia local do BB. \u201cO produtor interessado em reforma ou constru\u00e7\u00e3o pelo PRONAF Mais Alimentos deve vir ao banco para verificar seu cadastro, capacidade de pagamento e enquadramento. Depois ele deve ir \u00e0 Emater ou sua assist\u00eancia t\u00e9cnica para solicitar o projeto de financiamento\u201d, explica Piva.<br \/>\nO principal requisito \u00e9 aferir se est\u00e1 tudo correto com a Declara\u00e7\u00e3o de Aptid\u00e3o ao PRONAF (DAP) por parte dos interessados. \u201cSe tive tudo em ordem, o agricultor \u00e9 encaminhado \u00e0 Secretaria Municipal de Obras, onde poder\u00e1 escolher o modelo de planta de casa pelo Programa Casa F\u00e1cil, onde ser\u00e1 providenciado o projeto da obra e a Anota\u00e7\u00e3o de Responsabilidade T\u00e9cnica\u201d, assinala o prefeito Junior da Femac.<br \/>\nCom o projeto e or\u00e7amento o produtor rural retorna na assist\u00eancia t\u00e9cnica (Emater ou empresa de planejamento) e faz o projeto t\u00e9cnico de financiamento pelo PRONAF. Para reformas n\u00e3o \u00e9 preciso ir na prefeitura, basta fazer o or\u00e7amento da reforma diretamente com a assist\u00eancia t\u00e9cnica. Os interessados podem pleitear a linha de cr\u00e9dito neste dia 1\u00ba de outubro, na ag\u00eancia do Banco do Brasil em Apucarana.<br \/>\nParticiparam da reuni\u00e3o, no gabinete do prefeito Junior da Femac, o secret\u00e1rio de obras Herivelto Moreno; e Crist\u00f3van Ripol, acompanhado de Rafaela Crisitna Bernardo, Geraldo Maronezi, Ant\u00f4nio Biral Filho, e Cec\u00edlia Ribeiro, todos da equipe da Emater.<\/p>\n","protected":false},"excerpt":{"rendered":"<p>Linha de cr\u00e9dito do Banco do Brasil, com apoio t\u00e9cnico da Emater, est\u00e1 sendo ofertada para a agricultura familiar do Munic\u00edpio  (Foto: PMA)<\/p>\n","protected":false},"author":4,"featured_media":26902,"comment_status":"closed","ping_status":"open","sticky":false,"template":"","format":"standard","meta":{"footnotes":""},"categories":[24],"tags":[],"class_list":["post-26901","post","type-post","status-publish","format-standard","has-post-thumbnail","hentry","category-noticias"],"acf":[],"_links":{"self":[{"href":"http:\/\/www.apucarana.pr.gov.br\/site\/wp-json\/wp\/v2\/posts\/26901","targetHints":{"allow":["GET"]}}],"collection":[{"href":"http:\/\/www.apucarana.pr.gov.br\/site\/wp-json\/wp\/v2\/posts"}],"about":[{"href":"http:\/\/www.apucarana.pr.gov.br\/site\/wp-json\/wp\/v2\/types\/post"}],"author":[{"embeddable":true,"href":"http:\/\/www.apucarana.pr.gov.br\/site\/wp-json\/wp\/v2\/users\/4"}],"replies":[{"embeddable":true,"href":"http:\/\/www.apucarana.pr.gov.br\/site\/wp-json\/wp\/v2\/comments?post=26901"}],"version-history":[{"count":1,"href":"http:\/\/www.apucarana.pr.gov.br\/site\/wp-json\/wp\/v2\/posts\/26901\/revisions"}],"predecessor-version":[{"id":100107,"href":"http:\/\/www.apucarana.pr.gov.br\/site\/wp-json\/wp\/v2\/posts\/26901\/revisions\/100107"}],"wp:featuredmedia":[{"embeddable":true,"href":"http:\/\/www.apucarana.pr.gov.br\/site\/wp-json\/"}],"wp:attachment":[{"href":"http:\/\/www.apucarana.pr.gov.br\/site\/wp-json\/wp\/v2\/media?parent=26901"}],"wp:term":[{"taxonomy":"category","embeddable":true,"href":"http:\/\/www.apucarana.pr.gov.br\/site\/wp-json\/wp\/v2\/categories?post=26901"},{"taxonomy":"post_tag","embeddable":true,"href":"http:\/\/www.apucarana.pr.gov.br\/site\/wp-json\/wp\/v2\/tags?post=26901"}],"curies":[{"name":"wp","href":"https:\/\/api.w.org\/{rel}","templated":true}]}}