{"id":26896,"date":"2019-09-30T16:38:53","date_gmt":"2019-09-30T19:38:53","guid":{"rendered":"http:\/\/172.16.0.7\/site-antigo\/?p=26896"},"modified":"2024-10-08T09:19:51","modified_gmt":"2024-10-08T12:19:51","slug":"dividas-ja-consumiram-mais-de-r10-milhoes-em-2019","status":"publish","type":"post","link":"http:\/\/www.apucarana.pr.gov.br\/site\/dividas-ja-consumiram-mais-de-r10-milhoes-em-2019\/","title":{"rendered":"D\u00edvidas j\u00e1 consumiram mais de R$10 milh\u00f5es em 2019"},"content":{"rendered":"<p>Nos primeiros oito meses do ano, o fantasma dos precat\u00f3rios judiciais, que ainda v\u00e3o assombrar por muito tempo os corredores da Prefeitura de Apucarana, retirou dos cofres municipais R$10.144.312,94. Esses e outros dados cont\u00e1beis do ano e, em especial dos meses de maio a agosto, foram apresentados pela secret\u00e1ria Municipal da Fazenda, Sueli Pereira, durante audi\u00eancia p\u00fablica de presta\u00e7\u00e3o de contas do segundo quadrimestre, realizada nesta segunda-feira (30\/09) no plen\u00e1rio da C\u00e2mara Municipal de Vereadores.<br \/>\nA previs\u00e3o or\u00e7ament\u00e1ria aponta que at\u00e9 o fim do exerc\u00edcio sejam pagos mais de R$14 milh\u00f5es em d\u00edvidas herdadas. \u201cSempre importante lembrar que nenhum centavo desta d\u00edvida foi feita pela gest\u00e3o Beto Preto. S\u00f3 de precat\u00f3rios pagamos cerca de R$1,2 milh\u00e3o todo o m\u00eas, um montante enorme que faz Apucarana perder muito investimento. Imagine esse recurso todo sendo aplicado na Sa\u00fade, que \u00e9 uma \u00e1rea cr\u00edtica de toda cidade brasileira. Faria grande diferen\u00e7a\u201d, assinalou Sueli Pereira, secret\u00e1ria da Fazenda.<br \/>\nOs valores pagos, lembra Sueli, s\u00e3o fruto de d\u00edvidas herdadas de outras administra\u00e7\u00f5es em a\u00e7\u00f5es de fornecedores que n\u00e3o receberam por mercadorias ou servi\u00e7os prestados ao munic\u00edpio, particulares que tiveram im\u00f3vel desapropriado e n\u00e3o pagos, e servidores municipais que n\u00e3o tiveram os direitos trabalhistas respeitados ou devidamente recolhidos, como FGTS e INSS, entre outros casos jur\u00eddicos. \u201cTudo que foi apresentado na audi\u00eancia est\u00e1 dispon\u00edvel para toda a sociedade no Portal da Transpar\u00eancia, no site da Prefeitura de Apucarana (www.apucarana.pr.gov.br), onde \u00e9 poss\u00edvel o cidad\u00e3o verificar onde cada centavo do dinheiro p\u00fablico est\u00e1 sendo investido e ainda acompanhar as obras e demais realiza\u00e7\u00f5es di\u00e1rias da administra\u00e7\u00e3o municipal, tudo com total transpar\u00eancia\u201d, diz a secret\u00e1ria.<br \/>\nCom rela\u00e7\u00e3o ao balan\u00e7o cont\u00e1bil do quadrimestre, Sueli revelou que de maio a agosto, as receitas municipais somaram R$108.314.196,61, contra R$105.705.058,38 em despesas. \u201cTudo que foi previsto no or\u00e7amento est\u00e1 sendo totalmente honrado pelo prefeito J\u00fanior da Femac, dentro do que estabelece a Lei de Responsabilidade Fiscal\u201d, detalhou a secret\u00e1ria da Fazenda.<br \/>\nQuanto \u00e0 arrecada\u00e7\u00e3o, o Imposto Predial e Territorial Urbano (IPTU), que no primeiro quadrimestre j\u00e1 havia sido pago por 66,16% dos contribuintes, representando recursos na ordem de R$11.257.724,61, somou no segundo quadrimestre R$4.965.232,45. \u201cDe maio a agosto, o Repasse Fundo a Fundo Sa\u00fade teve arrecada\u00e7\u00e3o de R$26.600.689,57; o Fundo de Participa\u00e7\u00e3o do Munic\u00edpio R$17.708.342,23; o Fundeb R$17.519.056,37; o ICMS R$15.408.593,63 e o IPVA R$2.362.002,60\u201d, comunicou Sueli.<br \/>\nA Receita Corrente L\u00edquida (RCL) dos \u00faltimos 12 meses fechou na ordem de R$336.922.358,00. \u201cA percentagem da despesa com pessoal, tendo em vista esta RCL, ficou na casa dos 43,46%, abaixo do limite de alerta que \u00e9 de 48,6%, do limite prudencial (51,3%) e do limite m\u00e1ximo (54%)\u201d, explicou Sueli Pereira, secret\u00e1ria Municipal da Fazenda. No segundo quadrimestre do ano, a C\u00e2mara de Vereadores recebeu repasse do Executivo na ordem de R$3.828.910,84 e, at\u00e9 o final do ano, o total do chamado duod\u00e9cimo vai chegar a R$12.005.015,40.<br \/>\nTamb\u00e9m foram detalhados n\u00fameros relativos \u00e0 presta\u00e7\u00e3o de contas na \u00e1rea da \u201cCrian\u00e7a e Adolescente\u201d e realizado um resumo das atividades e procedimentos da Autarquia Municipal de Sa\u00fade (AMS).<\/p>\n","protected":false},"excerpt":{"rendered":"<p>Dados cont\u00e1beis do Munic\u00edpio foram apresentados pela Secretaria da Fazenda de Apucarana nesta segunda-feira durante em audi\u00eancia p\u00fablica de presta\u00e7\u00e3o de contas (Foto: PMA)<\/p>\n","protected":false},"author":4,"featured_media":26898,"comment_status":"closed","ping_status":"open","sticky":false,"template":"","format":"standard","meta":{"footnotes":""},"categories":[24],"tags":[],"class_list":["post-26896","post","type-post","status-publish","format-standard","has-post-thumbnail","hentry","category-noticias"],"acf":[],"_links":{"self":[{"href":"http:\/\/www.apucarana.pr.gov.br\/site\/wp-json\/wp\/v2\/posts\/26896","targetHints":{"allow":["GET"]}}],"collection":[{"href":"http:\/\/www.apucarana.pr.gov.br\/site\/wp-json\/wp\/v2\/posts"}],"about":[{"href":"http:\/\/www.apucarana.pr.gov.br\/site\/wp-json\/wp\/v2\/types\/post"}],"author":[{"embeddable":true,"href":"http:\/\/www.apucarana.pr.gov.br\/site\/wp-json\/wp\/v2\/users\/4"}],"replies":[{"embeddable":true,"href":"http:\/\/www.apucarana.pr.gov.br\/site\/wp-json\/wp\/v2\/comments?post=26896"}],"version-history":[{"count":1,"href":"http:\/\/www.apucarana.pr.gov.br\/site\/wp-json\/wp\/v2\/posts\/26896\/revisions"}],"predecessor-version":[{"id":100109,"href":"http:\/\/www.apucarana.pr.gov.br\/site\/wp-json\/wp\/v2\/posts\/26896\/revisions\/100109"}],"wp:featuredmedia":[{"embeddable":true,"href":"http:\/\/www.apucarana.pr.gov.br\/site\/wp-json\/"}],"wp:attachment":[{"href":"http:\/\/www.apucarana.pr.gov.br\/site\/wp-json\/wp\/v2\/media?parent=26896"}],"wp:term":[{"taxonomy":"category","embeddable":true,"href":"http:\/\/www.apucarana.pr.gov.br\/site\/wp-json\/wp\/v2\/categories?post=26896"},{"taxonomy":"post_tag","embeddable":true,"href":"http:\/\/www.apucarana.pr.gov.br\/site\/wp-json\/wp\/v2\/tags?post=26896"}],"curies":[{"name":"wp","href":"https:\/\/api.w.org\/{rel}","templated":true}]}}