{"id":26892,"date":"2019-09-30T17:29:08","date_gmt":"2019-09-30T20:29:08","guid":{"rendered":"http:\/\/172.16.0.7\/site-antigo\/?p=26892"},"modified":"2024-10-08T09:19:51","modified_gmt":"2024-10-08T12:19:51","slug":"processo-seletivo-do-ibge-tem-vagas-para-a-regiao","status":"publish","type":"post","link":"http:\/\/www.apucarana.pr.gov.br\/site\/processo-seletivo-do-ibge-tem-vagas-para-a-regiao\/","title":{"rendered":"Processo seletivo do IBGE tem vagas para a regi\u00e3o"},"content":{"rendered":"<p>O Instituto Brasileiro de Geografia e Estat\u00edstica (IBGE) est\u00e1 com inscri\u00e7\u00f5es abertas para processo seletivo simplificado visando a contrata\u00e7\u00e3o de 2.658 profissionais. S\u00e3o 1.343 vagas para coordenador censit\u00e1rio sub\u00e1rea e 1.315 vagas para agente censit\u00e1rio operacional, distribu\u00eddas pelas 27 unidades da Federa\u00e7\u00e3o. Os sal\u00e1rios s\u00e3o de R$ 3.100 para coordenador e de R$ 1.700 para agente. Na regi\u00e3o h\u00e1 duas vagas dispon\u00edveis para a fun\u00e7\u00e3o de coordenador censit\u00e1rio de sub\u00e1rea, sendo uma para Apucarana e outra para Jandaia do Sul.<br \/>\nAs contrata\u00e7\u00f5es visam o planejamento do Censo Demogr\u00e1fico 2020, que vai coletar informa\u00e7\u00f5es em todos os 5.570 munic\u00edpios brasileiros. \u201cEm breve, cerca de 180 mil recenseadores ser\u00e3o contratados, em regime tempor\u00e1rio, por meio de processos seletivos, em todos os 27 estados do pa\u00eds. Entre os meses de agosto a outubro de 2020, os recenseadores visitar\u00e3o os domic\u00edlios de modo a retratar os principais aspectos da popula\u00e7\u00e3o brasileira, estimada em 213 milh\u00f5es de habitantes\u201d, conta Rafael de Castro Francisquini, coordenador de \u00e1rea do Censo 2020. Ele explica que o trabalho \u00e9 desenvolvido a cada dez anos.<br \/>\nA exig\u00eancia para ambas as fun\u00e7\u00f5es \u00e9 n\u00edvel m\u00e9dio completo e o edital prev\u00ea reserva de 5% das vagas para pessoas com defici\u00eancia (PcD) e de 20% para pessoas pretas ou pardas (PPP). O per\u00edodo m\u00e1ximo da contrata\u00e7\u00e3o \u00e9 de 12 meses, podendo ser prorrogado por igual per\u00edodo. A jornada de trabalho ser\u00e1 de 40 horas semanais, sendo 8 horas di\u00e1rias. Os contratados ter\u00e3o direito aos aux\u00edlios alimenta\u00e7\u00e3o, transporte e pr\u00e9-escolar, al\u00e9m de f\u00e9rias e 13\u00ba sal\u00e1rio proporcionais.<br \/>\nAs inscri\u00e7\u00f5es para a sele\u00e7\u00e3o de coordenadores e agentes censit\u00e1rios devem ser feitas at\u00e9 o dia 15 de outubro pelo site https:\/\/fgvprojetos.fgv.br\/concursos\/ibgepss2019. As taxas s\u00e3o de R$42,50 para agente e de R$58 para coordenador. O processo seletivo \u00e9 organizado pela Funda\u00e7\u00e3o Get\u00falio Vargas. Mais informa\u00e7\u00f5es podem ser obtidas pelo telefone 0800-2834628 ou pelo e-mail concursoibgepss2019@fgv.br.<\/p>\n","protected":false},"excerpt":{"rendered":"<p>S\u00e3o duas vagas dispon\u00edveis para a fun\u00e7\u00e3o de coordenador censit\u00e1rio de sub\u00e1rea, sendo uma para Apucarana e outra para Jandaia do Sul (Foto: PMA)<\/p>\n","protected":false},"author":4,"featured_media":26893,"comment_status":"closed","ping_status":"open","sticky":false,"template":"","format":"standard","meta":{"footnotes":""},"categories":[24],"tags":[],"class_list":["post-26892","post","type-post","status-publish","format-standard","has-post-thumbnail","hentry","category-noticias"],"acf":[],"_links":{"self":[{"href":"http:\/\/www.apucarana.pr.gov.br\/site\/wp-json\/wp\/v2\/posts\/26892","targetHints":{"allow":["GET"]}}],"collection":[{"href":"http:\/\/www.apucarana.pr.gov.br\/site\/wp-json\/wp\/v2\/posts"}],"about":[{"href":"http:\/\/www.apucarana.pr.gov.br\/site\/wp-json\/wp\/v2\/types\/post"}],"author":[{"embeddable":true,"href":"http:\/\/www.apucarana.pr.gov.br\/site\/wp-json\/wp\/v2\/users\/4"}],"replies":[{"embeddable":true,"href":"http:\/\/www.apucarana.pr.gov.br\/site\/wp-json\/wp\/v2\/comments?post=26892"}],"version-history":[{"count":1,"href":"http:\/\/www.apucarana.pr.gov.br\/site\/wp-json\/wp\/v2\/posts\/26892\/revisions"}],"predecessor-version":[{"id":100108,"href":"http:\/\/www.apucarana.pr.gov.br\/site\/wp-json\/wp\/v2\/posts\/26892\/revisions\/100108"}],"wp:featuredmedia":[{"embeddable":true,"href":"http:\/\/www.apucarana.pr.gov.br\/site\/wp-json\/"}],"wp:attachment":[{"href":"http:\/\/www.apucarana.pr.gov.br\/site\/wp-json\/wp\/v2\/media?parent=26892"}],"wp:term":[{"taxonomy":"category","embeddable":true,"href":"http:\/\/www.apucarana.pr.gov.br\/site\/wp-json\/wp\/v2\/categories?post=26892"},{"taxonomy":"post_tag","embeddable":true,"href":"http:\/\/www.apucarana.pr.gov.br\/site\/wp-json\/wp\/v2\/tags?post=26892"}],"curies":[{"name":"wp","href":"https:\/\/api.w.org\/{rel}","templated":true}]}}