{"id":2689,"date":"2015-03-25T16:56:00","date_gmt":"2015-03-25T16:56:00","guid":{"rendered":"http:\/\/172.16.0.7\/site-antigo\/?p=2689"},"modified":"2024-10-08T09:10:15","modified_gmt":"2024-10-08T12:10:15","slug":"prefeito-prestigia-jubileu-de-ouro-da-diocese","status":"publish","type":"post","link":"http:\/\/www.apucarana.pr.gov.br\/site\/prefeito-prestigia-jubileu-de-ouro-da-diocese\/","title":{"rendered":"Prefeito prestigia Jubileu de Ouro da Diocese"},"content":{"rendered":"<p><p><span style=\"letter-spacing: -0.02em; line-height: 1.45em; background-color: initial;\">O prefeito de Apucarana, Beto Preto, foi convidado e vai prestigiar nesta quinta-feira (26) a Santa Missa Solene, a partir das 19h30, na Catedral Nossa Senhora de Lourdes, comemorativa ao Jubileu de Ouro da Diocese de Apucarana. <\/p>\n<p>&ldquo;Trata-se de um momento hist\u00f3rico, em que celebramos a contribui\u00e7\u00e3o de muitos padres, bispos, religiosos e leigos que constru\u00edram estes 50 anos da Diocese&rdquo;, avalia Beto Preto.<\/span><\/p>\n<p>Conforme destaca ele, os cat\u00f3licos de Apucarana, tendo o bispo diocesano Dom Celso Ant&ocirc;nio Marchiori como anfitri\u00e3o, ir\u00e3o recepcionar o Cardeal Dom Jo\u00e3o Braz de Aviz, que foi padre e ordenado bispo na cidade. &ldquo;Estamos muito honrados por que tamb\u00e9m vamos receber aqui vinte bispos que atuam no Paran\u00e1, na comemora\u00e7\u00e3o do Jubileu de Ouro da Diocese de Apucarana&rdquo;, assinala o prefeito.<\/p>\n<p><\/p>\n","protected":false},"excerpt":{"rendered":"<p>Santa Missa Solene acontece nesta quinta a partir das 19h30, na Catedral Nossa Senhora de Lourdes<\/p>\n","protected":false},"author":4,"featured_media":0,"comment_status":"closed","ping_status":"closed","sticky":false,"template":"","format":"standard","meta":{"footnotes":""},"categories":[24],"tags":[],"class_list":["post-2689","post","type-post","status-publish","format-standard","hentry","category-noticias"],"acf":[],"_links":{"self":[{"href":"http:\/\/www.apucarana.pr.gov.br\/site\/wp-json\/wp\/v2\/posts\/2689","targetHints":{"allow":["GET"]}}],"collection":[{"href":"http:\/\/www.apucarana.pr.gov.br\/site\/wp-json\/wp\/v2\/posts"}],"about":[{"href":"http:\/\/www.apucarana.pr.gov.br\/site\/wp-json\/wp\/v2\/types\/post"}],"author":[{"embeddable":true,"href":"http:\/\/www.apucarana.pr.gov.br\/site\/wp-json\/wp\/v2\/users\/4"}],"replies":[{"embeddable":true,"href":"http:\/\/www.apucarana.pr.gov.br\/site\/wp-json\/wp\/v2\/comments?post=2689"}],"version-history":[{"count":1,"href":"http:\/\/www.apucarana.pr.gov.br\/site\/wp-json\/wp\/v2\/posts\/2689\/revisions"}],"predecessor-version":[{"id":104189,"href":"http:\/\/www.apucarana.pr.gov.br\/site\/wp-json\/wp\/v2\/posts\/2689\/revisions\/104189"}],"wp:attachment":[{"href":"http:\/\/www.apucarana.pr.gov.br\/site\/wp-json\/wp\/v2\/media?parent=2689"}],"wp:term":[{"taxonomy":"category","embeddable":true,"href":"http:\/\/www.apucarana.pr.gov.br\/site\/wp-json\/wp\/v2\/categories?post=2689"},{"taxonomy":"post_tag","embeddable":true,"href":"http:\/\/www.apucarana.pr.gov.br\/site\/wp-json\/wp\/v2\/tags?post=2689"}],"curies":[{"name":"wp","href":"https:\/\/api.w.org\/{rel}","templated":true}]}}