{"id":26883,"date":"2019-09-30T13:09:22","date_gmt":"2019-09-30T16:09:22","guid":{"rendered":"http:\/\/172.16.0.7\/site-antigo\/?p=26883"},"modified":"2024-10-08T09:19:51","modified_gmt":"2024-10-08T12:19:51","slug":"comeca-a-implantacao-da-drenagem-na-cristiano-kussmaul","status":"publish","type":"post","link":"http:\/\/www.apucarana.pr.gov.br\/site\/comeca-a-implantacao-da-drenagem-na-cristiano-kussmaul\/","title":{"rendered":"Come\u00e7a a implanta\u00e7\u00e3o da drenagem na \u201cCristiano Kussmaul\u201d"},"content":{"rendered":"<p>A empreiteira contratada pelo Munic\u00edpio come\u00e7ou nesta semana a implanta\u00e7\u00e3o do sistema de drenagem na Rua Cristiano Kussmaul, situada na regi\u00e3o do Residencial Interlagos. Ser\u00e3o instalados 3.528 metros de tubos, com di\u00e2metros de 40, 60 e 80 cent\u00edmetros. A reconstru\u00e7\u00e3o e moderniza\u00e7\u00e3o da via, que exigir\u00e1 investimentos de cerca de R$ 3 milh\u00f5es, vai garantir uma liga\u00e7\u00e3o mais r\u00e1pida e segura ao Contorno Sul.<br \/>\nDe acordo com o prefeito de Apucarana, Junior da Femac, o sistema de drenagem prev\u00ea ainda a instala\u00e7\u00e3o de um dissipador, de caixas de passagem e de 100 bocas de lobo. \u201cEsta via registrava v\u00e1rios pontos em que a \u00e1gua ficava empo\u00e7ava e agora foi projetado um sistema que suportar\u00e1 o volume das chuvas, garantindo o escoamento da \u00e1gua\u201d, observa Junior da Femac.<br \/>\nAntes do in\u00edcio da obra, foi necess\u00e1rio fazer o deslocamento de 70 postes da rede de energia el\u00e9trica. \u201cO Munic\u00edpio investiu cerca de R$ 70 mil somente neste servi\u00e7o, que foi executado pela equipe da Copel. Como a obra prev\u00ea o alargamento da pista, os postes tiveram que ser deslocados lateralmente entre 3 e 6 metros\u201d, esclarece Lafayete Luz, diretor-presidente do Instituto de Desenvolvimento, Pesquisa e Planejamento de Apucarana (Idepplan).<br \/>\nO prefeito de Apucarana lembra que a obra foi viabilizada com recurso do Banco Fomento Paran\u00e1 e foi autorizada no in\u00edcio de setembro, com a presen\u00e7a do governador Ratinho Junior. \u201cA nova rua ter\u00e1 2,3 quil\u00f4metros de pista de rolamento com 10 metros de largura, sistema de drenagem, meio-fio, cal\u00e7adas, rampas de acessibilidade e paisagismo\u201d, completa Junior da Femac.<br \/>\nO prefeito afirma que, at\u00e9 o in\u00edcio da d\u00e9cada de 90, a Rua Cristiano Kussmaul era uma via rural de liga\u00e7\u00e3o da cidade com o Contorno Sul, Parque Industrial Sul e acesso \u00e0 estrada do Rio Bom. \u201cA partir da cria\u00e7\u00e3o do Residencial Interlagos, ela ganhou import\u00e2ncia no contexto urbano e surgiu a necessidade de adequa\u00e7\u00e3o \u00e0 crescente demanda de tr\u00e1fego na regi\u00e3o. Ap\u00f3s uma espera de quase trinta anos, est\u00e1 nascendo a nova Cristiano Kussmaul, que futuramente receber\u00e1 ainda uma outra faixa de tr\u00e1fego, passando a ser uma avenida duplicada\u201d, reitera Junior da Femac.<br \/>\nO prefeito de Apucarana lembra ainda que outras duas obras est\u00e3o sendo executadas no Residencial Interlagos. \u201cTrata-se da Unidade B\u00e1sica de Sa\u00fade que \u00a0j\u00e1 est\u00e1 pronta e a constru\u00e7\u00e3o de uma escola que est\u00e1 em andamento. Al\u00e9m disso, atrav\u00e9s do governo do Estado, tamb\u00e9m ser\u00e1 implantado um parque linear junto a um fundo de vale localizado nesta regi\u00e3o da cidade\u201d, frisa Junior da Femac.<\/p>\n","protected":false},"excerpt":{"rendered":"<p>Ser\u00e3o instalados 3.528 metros de tubos, com di\u00e2metros de 40, 60 e 80 cent\u00edmetros.  (Fotos: PMA)<\/p>\n","protected":false},"author":4,"featured_media":26890,"comment_status":"closed","ping_status":"open","sticky":false,"template":"","format":"standard","meta":{"footnotes":""},"categories":[24],"tags":[],"class_list":["post-26883","post","type-post","status-publish","format-standard","has-post-thumbnail","hentry","category-noticias"],"acf":[],"_links":{"self":[{"href":"http:\/\/www.apucarana.pr.gov.br\/site\/wp-json\/wp\/v2\/posts\/26883","targetHints":{"allow":["GET"]}}],"collection":[{"href":"http:\/\/www.apucarana.pr.gov.br\/site\/wp-json\/wp\/v2\/posts"}],"about":[{"href":"http:\/\/www.apucarana.pr.gov.br\/site\/wp-json\/wp\/v2\/types\/post"}],"author":[{"embeddable":true,"href":"http:\/\/www.apucarana.pr.gov.br\/site\/wp-json\/wp\/v2\/users\/4"}],"replies":[{"embeddable":true,"href":"http:\/\/www.apucarana.pr.gov.br\/site\/wp-json\/wp\/v2\/comments?post=26883"}],"version-history":[{"count":1,"href":"http:\/\/www.apucarana.pr.gov.br\/site\/wp-json\/wp\/v2\/posts\/26883\/revisions"}],"predecessor-version":[{"id":100110,"href":"http:\/\/www.apucarana.pr.gov.br\/site\/wp-json\/wp\/v2\/posts\/26883\/revisions\/100110"}],"wp:featuredmedia":[{"embeddable":true,"href":"http:\/\/www.apucarana.pr.gov.br\/site\/wp-json\/"}],"wp:attachment":[{"href":"http:\/\/www.apucarana.pr.gov.br\/site\/wp-json\/wp\/v2\/media?parent=26883"}],"wp:term":[{"taxonomy":"category","embeddable":true,"href":"http:\/\/www.apucarana.pr.gov.br\/site\/wp-json\/wp\/v2\/categories?post=26883"},{"taxonomy":"post_tag","embeddable":true,"href":"http:\/\/www.apucarana.pr.gov.br\/site\/wp-json\/wp\/v2\/tags?post=26883"}],"curies":[{"name":"wp","href":"https:\/\/api.w.org\/{rel}","templated":true}]}}