{"id":26871,"date":"2019-09-29T10:05:01","date_gmt":"2019-09-29T13:05:01","guid":{"rendered":"http:\/\/172.16.0.7\/site-antigo\/?p=26871"},"modified":"2024-10-08T09:19:51","modified_gmt":"2024-10-08T12:19:51","slug":"festa-do-cafe-de-apucarana-completa-15-anos","status":"publish","type":"post","link":"http:\/\/www.apucarana.pr.gov.br\/site\/festa-do-cafe-de-apucarana-completa-15-anos\/","title":{"rendered":"Festa do Caf\u00e9 de Apucarana completa 15 anos"},"content":{"rendered":"<p>J\u00e1 tradicional no calend\u00e1rio de eventos do munic\u00edpio, a Festa do Caf\u00e9 de Apucarana chega \u00e0 d\u00e9cima quinta edi\u00e7\u00e3o. Um misto de encontro t\u00e9cnico e festivo, a programa\u00e7\u00e3o ser\u00e1 desenvolvida de quinta-feira a s\u00e1bado (03 a 05\/10) no Distrito de Pirap\u00f3, com exposi\u00e7\u00e3o di\u00e1ria de maquin\u00e1rios agr\u00edcolas, feira de hortifruti e produtos org\u00e2nicos. Na parte da noite, a popula\u00e7\u00e3o poder\u00e1 acompanhar shows musicais gratuitos e aproveitar as op\u00e7\u00f5es gastron\u00f4micas da pra\u00e7a de alimenta\u00e7\u00e3o.<br \/>\nO prefeito J\u00fanior da Femac convida a popula\u00e7\u00e3o de Apucarana e regi\u00e3o para prestigiar os 15 anos da festa. \u201cTrata-se de uma festa familiar que cresce a cada novo ano. Criada para celebrar a riqueza hist\u00f3rica que a cafeicultura simboliza para o munic\u00edpio e todo o Vale do Iva\u00ed, esperamos bater recorde de p\u00fablico neste ano, por isso convidamos a todos para prestigiar a Festa do Caf\u00e9 de Apucarana, preparada com muito carinho para atender tecnicamente nossos cafeicultores e tamb\u00e9m a popula\u00e7\u00e3o em geral, com muitas op\u00e7\u00f5es de lazer\u201d, disse o prefeito.<br \/>\nEle salienta que Apucarana est\u00e1 em uma das regi\u00f5es mais ricas do Brasil e do mundo para esta cultura. \u201cO caf\u00e9, tamb\u00e9m chamado de \u201couro verde\u201d, tem grande parcela de contribui\u00e7\u00e3o para o desenvolvimento do nosso munic\u00edpio. A cafeicultura foi o in\u00edcio de tudo com os pioneiros e faz parte da identidade da nossa Apucarana e regi\u00e3o. Hoje nossos cafeicultores produzem uma bebida de qualidade premiada seguidamente em concursos, com destaque ao estilo \u201cgourmet\u201d, pontua J\u00fanior da Femac.<br \/>\nUma realiza\u00e7\u00e3o da Prefeitura de Apucarana, em parceria com a Cooperativa dos Cafeicultores de Apucarana\/Pirap\u00f3, e apoio do Instituto Paranaense de Assist\u00eancia T\u00e9cnica e Extens\u00e3o Rural (Emater) e da Universidade Estadual de Maring\u00e1 (UEM), a 15\u00aa Festa do Caf\u00e9 de Apucarana, no Distrito de Pirap\u00f3, tem in\u00edcio quinta-feira (03\/10) \u00e0s 19 horas, com abertura da pra\u00e7a de alimenta\u00e7\u00e3o e show de talentos. A partir das 22 horas, show com o cantor sertanejo Loubet.<br \/>\nNa sexta-feira (04\/10), a partir das 19 horas, acontece o concurso do melhor bolo de caf\u00e9 e, \u00e0s 22 horas, show com o cantor Juliano C\u00e9zar, com apresenta\u00e7\u00e3o de Marco Brasil. A programa\u00e7\u00e3o do s\u00e1bado (05\/10), tem in\u00edcio \u00e0s 11 horas com pra\u00e7a de alimenta\u00e7\u00e3o, roda de viola, degusta\u00e7\u00e3o de caf\u00e9s e show de talentos. A partir das 22 horas, a 15\u00aa Festa do Caf\u00e9 de Apucarana ser\u00e1 encerrada com show do Trio Bravana.<br \/>\nO presidente da Associa\u00e7\u00e3o dos Cafeicultores do Pirap\u00f3, Mauro Machado, frisa o empenho da prefeitura na viabiliza\u00e7\u00e3o do evento. \u201cAgradecemos a administra\u00e7\u00e3o, atrav\u00e9s do prefeito J\u00fanior da Femac, que vem desenvolvendo um grande trabalho. O Pirap\u00f3 vem recebendo muitos investimentos e esta festa, que completa 15 anos, \u00e9 um grande orgulho para todos nos apucaranenses. Vai ser mais um sucesso, com certeza. A programa\u00e7\u00e3o traz muitas atra\u00e7\u00f5es para todas as idades. Contamos com a presen\u00e7a de muitas pessoas da cidade e regi\u00e3o\u201d, disse Machado.<br \/>\nApoio \u00e0 cafeicultura &#8211; Al\u00e9m do solo e do clima regional serem prop\u00edcios para a cafeicultura, o prefeito J\u00fanior da Femac lembra que a prefeitura tamb\u00e9m contribui atrav\u00e9s do Programa Terra Forte Cafeicultura que, al\u00e9m de assessoria t\u00e9cnica, repassa \u2013 de forma subsidiada &#8211; mudas de qualidade para os produtores \u201cA cafeicultura \u00e9 o segundo produto agr\u00edcola mais produzido em Apucarana, simbolizando 8% do total da \u00e1rea de plantio\u201d, comenta. O primeiro lugar \u00e9 ocupado pelo soja. \u201cRecentemente tamb\u00e9m entregamos \u00e0 Associa\u00e7\u00e3o dos Cafeicultores do Pirap\u00f3, em regime de cess\u00e3o de uso, uma plantadeira de caf\u00e9 com capacidade para plantio de 20 mil mudas\/dia\u201d, frisa o prefeito de Apucarana. A m\u00e1quina custou R$48 mil e foi integrada ao patrim\u00f4nio do Munic\u00edpio, sendo repassada em regime de comodato aos produtores. <\/p>\n","protected":false},"excerpt":{"rendered":"<p>Um misto de encontro t\u00e9cnico e festivo, a programa\u00e7\u00e3o ser\u00e1 desenvolvida de quinta-feira a s\u00e1bado (03 a 05\/10) no Distrito de Pirap\u00f3 (Foto: PMA)<\/p>\n","protected":false},"author":4,"featured_media":26872,"comment_status":"closed","ping_status":"open","sticky":false,"template":"","format":"standard","meta":{"footnotes":""},"categories":[24],"tags":[],"class_list":["post-26871","post","type-post","status-publish","format-standard","has-post-thumbnail","hentry","category-noticias"],"acf":[],"_links":{"self":[{"href":"http:\/\/www.apucarana.pr.gov.br\/site\/wp-json\/wp\/v2\/posts\/26871","targetHints":{"allow":["GET"]}}],"collection":[{"href":"http:\/\/www.apucarana.pr.gov.br\/site\/wp-json\/wp\/v2\/posts"}],"about":[{"href":"http:\/\/www.apucarana.pr.gov.br\/site\/wp-json\/wp\/v2\/types\/post"}],"author":[{"embeddable":true,"href":"http:\/\/www.apucarana.pr.gov.br\/site\/wp-json\/wp\/v2\/users\/4"}],"replies":[{"embeddable":true,"href":"http:\/\/www.apucarana.pr.gov.br\/site\/wp-json\/wp\/v2\/comments?post=26871"}],"version-history":[{"count":1,"href":"http:\/\/www.apucarana.pr.gov.br\/site\/wp-json\/wp\/v2\/posts\/26871\/revisions"}],"predecessor-version":[{"id":100111,"href":"http:\/\/www.apucarana.pr.gov.br\/site\/wp-json\/wp\/v2\/posts\/26871\/revisions\/100111"}],"wp:featuredmedia":[{"embeddable":true,"href":"http:\/\/www.apucarana.pr.gov.br\/site\/wp-json\/"}],"wp:attachment":[{"href":"http:\/\/www.apucarana.pr.gov.br\/site\/wp-json\/wp\/v2\/media?parent=26871"}],"wp:term":[{"taxonomy":"category","embeddable":true,"href":"http:\/\/www.apucarana.pr.gov.br\/site\/wp-json\/wp\/v2\/categories?post=26871"},{"taxonomy":"post_tag","embeddable":true,"href":"http:\/\/www.apucarana.pr.gov.br\/site\/wp-json\/wp\/v2\/tags?post=26871"}],"curies":[{"name":"wp","href":"https:\/\/api.w.org\/{rel}","templated":true}]}}