{"id":26863,"date":"2019-09-28T13:38:20","date_gmt":"2019-09-28T16:38:20","guid":{"rendered":"http:\/\/172.16.0.7\/site-antigo\/?p=26863"},"modified":"2024-10-08T09:19:51","modified_gmt":"2024-10-08T12:19:51","slug":"saude-faz-mutirao-de-exames-preventivos-contra-o-cancer","status":"publish","type":"post","link":"http:\/\/www.apucarana.pr.gov.br\/site\/saude-faz-mutirao-de-exames-preventivos-contra-o-cancer\/","title":{"rendered":"Sa\u00fade faz mutir\u00e3o de exames preventivos contra o c\u00e2ncer"},"content":{"rendered":"<p>Um novo mutir\u00e3o de intensifica\u00e7\u00e3o na preven\u00e7\u00e3o do c\u00e2ncer de colo do \u00fatero e de mama foi promovido ontem neste s\u00e1bado (28) pela Autarquia Municipal de sa\u00fade de Apucarana. A campanha educativa e preventiva vem sendo promovida regularmente desde 2013, quando o m\u00e9dico Beto Preto assumiu a Prefeitura de Apucarana e agora o trabalho tem seq\u00fc\u00eancia na gest\u00e3o do prefeito Junior da Femac.<br \/>\nNeste s\u00e1bado em mais um \u201cDia de Intensifica\u00e7\u00e3o da Coleta do Exame Preventivo\u201d, na Autarquia Municipal de Sa\u00fade, a previs\u00e3o era de que at\u00e9 o final da tarde seriam atendidas cerca de duzentas mulheres na faixa et\u00e1ria dos 25 a 64 anos. Em mar\u00e7o deste ano, mais de trezentas mulheres realizaram o preventivo do c\u00e2ncer do colo do \u00fatero e cerca de duzentas agendaram a mamografia.<br \/>\nO prefeito Junior da Femac, acompanhou o mutir\u00e3o na AMS e conversou com algumas mulheres. Ele explicou que, normalmente, o exame preventivo \u00e9 oferecido em todas as 28 Unidades B\u00e1sicas de Sa\u00fade de Apucarana, pelo menos uma vez por semana. \u201cAinda, em duas ocasi\u00f5es durante o ano, s\u00e3o disponibilizados atendimentos especiais como o deste s\u00e1bado. Isso acontece normalmente no m\u00eas de mar\u00e7o e tamb\u00e9m durante a campanha do Outubro Rosa\u201d, informou Junior.<br \/>\nO chamamento da Autarquia Municipal de Sa\u00fade refor\u00e7a o alerta \u00e0s mulheres, pois com o exame \u00e9 poss\u00edvel identificar les\u00f5es precursoras de c\u00e2ncer que, quando descobertas nesta fase, t\u00eam 100% de chances de cura. O c\u00e2ncer do colo do \u00fatero \u00e9 o terceiro mais freq\u00fcente na popula\u00e7\u00e3o feminina do Brasil, com a ocorr\u00eancia de quase 18 mil novos casos anualmente.<br \/>\nALERTA \u2013 O Minist\u00e9rio da Sa\u00fade, por meio do Instituto Nacional do C\u00e2ncer, recomenda que o in\u00edcio da coleta para o exame citopatol\u00f3gico seja aos 25 anos de idade para mulheres que j\u00e1 tiveram ou t\u00eam atividades sexuais. Os primeiros exames devem ser realizados com intervalo anual e os peri\u00f3dicos devem seguir at\u00e9 os 64 anos de idade. Para mulheres com mais de 64 anos de idade e que nunca se submeteram ao exame, deve-se realizar dois exames com intervalos de um a tr\u00eas anos.<\/p>\n","protected":false},"excerpt":{"rendered":"<p>Mulheres apucaranenses foram atendidas das 8 \u00e0s 16 horas na Autarquia Municipal de Sa\u00fade (Foto: PMA)<\/p>\n","protected":false},"author":4,"featured_media":26865,"comment_status":"closed","ping_status":"open","sticky":false,"template":"","format":"standard","meta":{"footnotes":""},"categories":[24],"tags":[],"class_list":["post-26863","post","type-post","status-publish","format-standard","has-post-thumbnail","hentry","category-noticias"],"acf":[],"_links":{"self":[{"href":"http:\/\/www.apucarana.pr.gov.br\/site\/wp-json\/wp\/v2\/posts\/26863","targetHints":{"allow":["GET"]}}],"collection":[{"href":"http:\/\/www.apucarana.pr.gov.br\/site\/wp-json\/wp\/v2\/posts"}],"about":[{"href":"http:\/\/www.apucarana.pr.gov.br\/site\/wp-json\/wp\/v2\/types\/post"}],"author":[{"embeddable":true,"href":"http:\/\/www.apucarana.pr.gov.br\/site\/wp-json\/wp\/v2\/users\/4"}],"replies":[{"embeddable":true,"href":"http:\/\/www.apucarana.pr.gov.br\/site\/wp-json\/wp\/v2\/comments?post=26863"}],"version-history":[{"count":1,"href":"http:\/\/www.apucarana.pr.gov.br\/site\/wp-json\/wp\/v2\/posts\/26863\/revisions"}],"predecessor-version":[{"id":100112,"href":"http:\/\/www.apucarana.pr.gov.br\/site\/wp-json\/wp\/v2\/posts\/26863\/revisions\/100112"}],"wp:featuredmedia":[{"embeddable":true,"href":"http:\/\/www.apucarana.pr.gov.br\/site\/wp-json\/"}],"wp:attachment":[{"href":"http:\/\/www.apucarana.pr.gov.br\/site\/wp-json\/wp\/v2\/media?parent=26863"}],"wp:term":[{"taxonomy":"category","embeddable":true,"href":"http:\/\/www.apucarana.pr.gov.br\/site\/wp-json\/wp\/v2\/categories?post=26863"},{"taxonomy":"post_tag","embeddable":true,"href":"http:\/\/www.apucarana.pr.gov.br\/site\/wp-json\/wp\/v2\/tags?post=26863"}],"curies":[{"name":"wp","href":"https:\/\/api.w.org\/{rel}","templated":true}]}}