{"id":2686,"date":"2015-03-24T17:01:00","date_gmt":"2015-03-24T17:01:00","guid":{"rendered":"http:\/\/172.16.0.7\/site-antigo\/?p=2686"},"modified":"2024-10-08T09:10:15","modified_gmt":"2024-10-08T12:10:15","slug":"destinacoes-do-ir-pessoa-fisica-para-projetos-sociais-podem-ser-feitas-ate-30-de-abril","status":"publish","type":"post","link":"http:\/\/www.apucarana.pr.gov.br\/site\/destinacoes-do-ir-pessoa-fisica-para-projetos-sociais-podem-ser-feitas-ate-30-de-abril\/","title":{"rendered":"Destina\u00e7\u00f5es do IR Pessoa F\u00edsica para projetos sociais podem ser feitas at\u00e9 30 de abril"},"content":{"rendered":"<p><p><span style=\"letter-spacing: -0.02em; line-height: 1.45em; background-color: initial;\">Contribuintes que fizerem a declara\u00e7\u00e3o completa do Imposto de Renda Pessoa F\u00edsica 2015 at\u00e9 o dia 30 de abril podem destinar at\u00e9 3% do valor do imposto a ser pago para o Fundo da Inf&acirc;ncia e Adolesc\u00eancia do Paran\u00e1 (FIA). Os recursos arrecadados para o FIA s\u00e3o utilizados para financiar projetos sociais voltados ao atendimento de crian\u00e7as e adolescentes no Munic\u00edpio de Apucarana.<br \/><\/span><span style=\"letter-spacing: -0.02em; line-height: 1.45em; background-color: initial;\"><br \/>Segundo o presidente do Conselho Municipal dos Direitos da Crian\u00e7a e do Adolescente de Apucarana (CMDCA), Caio Salinet, a dedu\u00e7\u00e3o dos valores destinados ao Fundo n\u00e3o aumenta o imposto a ser pago. &ldquo;As outras dedu\u00e7\u00f5es, como aquelas relativas a dependentes, sa\u00fade, educa\u00e7\u00e3o e pens\u00e3o aliment\u00edcia, n\u00e3o s\u00e3o prejudicadas com a contribui\u00e7\u00e3o&rdquo;, esclarece.<br \/><\/span><span style=\"letter-spacing: -0.02em; line-height: 1.45em; background-color: initial;\"><br \/>Em Apucarana, a pasta da Secretaria Municipal de Assist\u00eancia Social \u00e9 respons\u00e1vel pela administra\u00e7\u00e3o dos valores, formaliza\u00e7\u00e3o de conv\u00eanios e acompanhamento de projetos financiados pelo Fundo Municipal. Todas as aplica\u00e7\u00f5es s\u00e3o fiscalizadas e aprovadas pelo Conselho Municipal da Crian\u00e7a e do Adolescente (CMDCA), por meio de delibera\u00e7\u00f5es espec\u00edficas.<br \/><\/span><span style=\"letter-spacing: -0.02em; line-height: 1.45em; background-color: initial;\"><br \/><b>COMO DOAR<\/b><\/span><span style=\"letter-spacing: -0.02em; line-height: 1.45em; background-color: initial;\"> &ndash; A contribui\u00e7\u00e3o \u00e9 realizada diretamente na Declara\u00e7\u00e3o de Ajuste Anual, por meio do programa da Receita Federal.<br \/><\/span><span style=\"letter-spacing: -0.02em; line-height: 1.45em; background-color: initial;\"><br \/>O primeiro passo \u00e9 preencher o formul\u00e1rio completo. Na barra lateral, clique em &ldquo;Resumo da Declara\u00e7\u00e3o&rdquo; e depois em &ldquo;Doa\u00e7\u00e3o Diretamente na Declara\u00e7\u00e3o &#8211; ECA&rdquo;. Ainda nesta tela, selecione o campo &ldquo;Tipo de Fundo&rdquo; como &ldquo;Municipal&rdquo; e escolha o Munic\u00edpio: &ldquo;Apucarana&rdquo;. Para finalizar, digite o valor que deseja doar e clique em &ldquo;Ok&rdquo;.<br \/><\/span><span style=\"letter-spacing: -0.02em; line-height: 1.45em; background-color: initial;\"><br \/>Se houver imposto a pagar, o sistema vai gerar duas guias DARF, uma no valor da doa\u00e7\u00e3o e outra no valor do imposto a ser pago. Ambas dever\u00e3o ser pagas na rede banc\u00e1ria.<br \/><\/span><span style=\"letter-spacing: -0.02em; line-height: 1.45em; background-color: initial;\"><br \/><b>Avan\u00e7os<\/b><\/span><span style=\"letter-spacing: -0.02em; line-height: 1.45em; background-color: initial;\"> &ndash; O Fundo para a Inf&acirc;ncia e Adolesc\u00eancia foi criado com o objetivo de captar recursos para o atendimento de pol\u00edticas, programas e a\u00e7\u00f5es para a prote\u00e7\u00e3o de crian\u00e7as e adolescentes. Nos \u00faltimos anos, o Apucarana registrou um aumento nos valores das contribui\u00e7\u00f5es dedut\u00edveis do Imposto de Renda destinadas ao Fundo Municipal da Inf&acirc;ncia e Adolesc\u00eancia (FIA).<br \/><\/span><span style=\"letter-spacing: -0.02em; line-height: 1.45em; background-color: initial;\"><br \/>Mais informa\u00e7\u00f5es podem ser obtidas pelo site <\/span><a href=\"http:\/\/www.cmdcaapucarana.info\/\" style=\"letter-spacing: -0.02em; line-height: 1.45em; background-color: initial;\">http:\/\/www.cmdcaapucarana.info\/<\/a><span style=\"letter-spacing: -0.02em; line-height: 1.45em; background-color: initial;\">.<\/span><\/p>\n<p><\/p>\n","protected":false},"excerpt":{"rendered":"<p>Mais informa&ccedil;&otilde;es podem ser obtidas pelo site http:\/\/www.cmdcaapucarana.info<\/p>\n","protected":false},"author":4,"featured_media":0,"comment_status":"closed","ping_status":"closed","sticky":false,"template":"","format":"standard","meta":{"footnotes":""},"categories":[24],"tags":[],"class_list":["post-2686","post","type-post","status-publish","format-standard","hentry","category-noticias"],"acf":[],"_links":{"self":[{"href":"http:\/\/www.apucarana.pr.gov.br\/site\/wp-json\/wp\/v2\/posts\/2686","targetHints":{"allow":["GET"]}}],"collection":[{"href":"http:\/\/www.apucarana.pr.gov.br\/site\/wp-json\/wp\/v2\/posts"}],"about":[{"href":"http:\/\/www.apucarana.pr.gov.br\/site\/wp-json\/wp\/v2\/types\/post"}],"author":[{"embeddable":true,"href":"http:\/\/www.apucarana.pr.gov.br\/site\/wp-json\/wp\/v2\/users\/4"}],"replies":[{"embeddable":true,"href":"http:\/\/www.apucarana.pr.gov.br\/site\/wp-json\/wp\/v2\/comments?post=2686"}],"version-history":[{"count":1,"href":"http:\/\/www.apucarana.pr.gov.br\/site\/wp-json\/wp\/v2\/posts\/2686\/revisions"}],"predecessor-version":[{"id":104193,"href":"http:\/\/www.apucarana.pr.gov.br\/site\/wp-json\/wp\/v2\/posts\/2686\/revisions\/104193"}],"wp:attachment":[{"href":"http:\/\/www.apucarana.pr.gov.br\/site\/wp-json\/wp\/v2\/media?parent=2686"}],"wp:term":[{"taxonomy":"category","embeddable":true,"href":"http:\/\/www.apucarana.pr.gov.br\/site\/wp-json\/wp\/v2\/categories?post=2686"},{"taxonomy":"post_tag","embeddable":true,"href":"http:\/\/www.apucarana.pr.gov.br\/site\/wp-json\/wp\/v2\/tags?post=2686"}],"curies":[{"name":"wp","href":"https:\/\/api.w.org\/{rel}","templated":true}]}}