{"id":26855,"date":"2019-09-28T13:01:56","date_gmt":"2019-09-28T16:01:56","guid":{"rendered":"http:\/\/172.16.0.7\/site-antigo\/?p=26855"},"modified":"2024-10-08T09:19:51","modified_gmt":"2024-10-08T12:19:51","slug":"projeto-sacolona-chega-ao-afonso-camargo","status":"publish","type":"post","link":"http:\/\/www.apucarana.pr.gov.br\/site\/projeto-sacolona-chega-ao-afonso-camargo\/","title":{"rendered":"Projeto \u201csacolona\u201d chega ao \u201cAfonso Camargo\u201d"},"content":{"rendered":"<p>A Prefeitura de Apucarana, por meio da Secretaria de Meio Ambiente e da Cooperativa dos Catadores de Apucarana (Cocap), est\u00e1 estendendo \u00e0 regi\u00e3o do N\u00facleo Habitacional Afonso Alves de Camargo com o \u201cProjeto Sacolona\u201d. Este \u00e9 o segundo bairro em que o projeto de sacolas retorn\u00e1veis est\u00e1 sendo implantado. A primeira regi\u00e3o contemplada foi a Vila S\u00e3o Carlos.<br \/>\nO evento de lan\u00e7amento do projeto no Afonso Camargo, realizado na manh\u00e3 deste s\u00e1bado, contou com as presen\u00e7as do prefeito Junior da Femac, do deputado estadual Arilson Chiorato; do secret\u00e1rio de Meio Ambiente, S\u00e9rgio Bobig; do presidente do Conselho Municipal de Meio Ambiente, Lauro Kuchipil; e do gestor da Cocap, Ant\u00f4nio Nogueira.<br \/>\nO projeto piloto foi implantado na regi\u00e3o da Vila S\u00e3o Carlos h\u00e1 aproximadamente um ano com a entrega de 500 sacolonas aos moradores da regi\u00e3o. A iniciativa apresentou um significativo aumento na quantidade de recicl\u00e1veis separados pela comunidade, que deixaram de ser descartados junto com o lixo dom\u00e9stico. \u201cEsse \u00e9 o principal objetivo do projeto sacolona, pois al\u00e9m de favorecer a reciclagem de diversos tipos de materiais, esse volume de descarte deixa de ir para o aterro sanit\u00e1rio, que ganha maior tempo de vida \u00fatil\u201c, argumenta o prefeito Junior da Femac. Com o bom resultado na Vila S\u00e3o Carlos, a prefeitura e a Cocap colocam em pr\u00e1tica, a partir de agora, o projeto no Afonso Camargo e alguns bairros adjacentes.<br \/>\nNa sacolona retorn\u00e1vel, com volume de 200 litros, cada fam\u00edlia ir\u00e1 acondicionar os materiais recicl\u00e1veis at\u00e9 o dia da coleta pelo caminh\u00e3o da Cocap, na frente de sua casa. Ap\u00f3s esvaziar o conte\u00fado, os coletores devolvem a sacola no im\u00f3vel. Nesta regi\u00e3o est\u00e1 prevista a distribui\u00e7\u00e3o de 600 sacolas, sendo uma por im\u00f3vel.<br \/>\nO presidente do Conselho Municipal de Meio Ambiente, Lauro Kuchipil, disse que o projeto \u00e9 muito interessante, na medida em que contribui para a retirada de um grande volume de recicl\u00e1veis do aterro sanit\u00e1rio. Segundo ele, o projeto tamb\u00e9m contribui para a cria\u00e7\u00e3o de uma consci\u00eancia ambiental em Apucarana.<br \/>\nO gestor da Cocap, Ant\u00f4nio Nogueira, lembrou que o \u201csacolona\u201d tamb\u00e9m tem o seu lado social, j\u00e1 que o importante trabalho realizado pela Cocac garante o sustento de dezenas de fam\u00edlias, que obt\u00e9m renda com a revenda dos recicl\u00e1veis.<br \/>\nO secret\u00e1rio de Meio Ambiente, S\u00e9rgio Bobig, anunciou que, gradativamente, o projeto ir\u00e1 chegar \u00e0s demais regi\u00f5es da cidade. \u201cPrecisamos nos organizar com o custo das sacolas retorn\u00e1veis e com a log\u00edstica de coleta\u201d, explicou Bobig.<br \/>\nO deputado estadual Arilson Chiorato, que \u00e9 morador do N\u00facleo Afonso Camargo, elogiou a conduta exemplar de Apucarana com este projeto. \u201cUm grande quantidade de pl\u00e1sticos, garrafas, latas e outros produtos descart\u00e1veis est\u00e1 sendo recolhida, evitando poluir o meio ambiente e, ao mesmo tempo, assegurando emprego e renda para mais de sessenta fam\u00edlias\u201d, destacou Chiorato.<br \/>\nO prefeito Junior da Femac conclamou a popula\u00e7\u00e3o do Afonso Camargo e regi\u00e3o a aderirem ao projeto, contribuindo para o trabalho de reciclagem. \u201cCom a participa\u00e7\u00e3o de todos, o nosso aterro sanit\u00e1rio ter\u00e1 uma vida mais longa, evitando mais gastos de recursos. Tamb\u00e9m \u00e9 relevante o resultado da Cocap, contribuindo com o meio ambiente e gerando empregos\u201d, avaliou o prefeito.<\/p>\n","protected":false},"excerpt":{"rendered":"<p>O projeto piloto foi implantado na regi\u00e3o da Vila S\u00e3o Carlos h\u00e1 aproximadamente um ano com a entrega de 500 sacolonas aos moradores da regi\u00e3o. A iniciativa apresentou um significativo aumento na quantidade de recicl\u00e1veis separados pela comunidade (Foto: PMA)<\/p>\n","protected":false},"author":4,"featured_media":26857,"comment_status":"closed","ping_status":"open","sticky":false,"template":"","format":"standard","meta":{"footnotes":""},"categories":[24],"tags":[],"class_list":["post-26855","post","type-post","status-publish","format-standard","has-post-thumbnail","hentry","category-noticias"],"acf":[],"_links":{"self":[{"href":"http:\/\/www.apucarana.pr.gov.br\/site\/wp-json\/wp\/v2\/posts\/26855","targetHints":{"allow":["GET"]}}],"collection":[{"href":"http:\/\/www.apucarana.pr.gov.br\/site\/wp-json\/wp\/v2\/posts"}],"about":[{"href":"http:\/\/www.apucarana.pr.gov.br\/site\/wp-json\/wp\/v2\/types\/post"}],"author":[{"embeddable":true,"href":"http:\/\/www.apucarana.pr.gov.br\/site\/wp-json\/wp\/v2\/users\/4"}],"replies":[{"embeddable":true,"href":"http:\/\/www.apucarana.pr.gov.br\/site\/wp-json\/wp\/v2\/comments?post=26855"}],"version-history":[{"count":1,"href":"http:\/\/www.apucarana.pr.gov.br\/site\/wp-json\/wp\/v2\/posts\/26855\/revisions"}],"predecessor-version":[{"id":100113,"href":"http:\/\/www.apucarana.pr.gov.br\/site\/wp-json\/wp\/v2\/posts\/26855\/revisions\/100113"}],"wp:featuredmedia":[{"embeddable":true,"href":"http:\/\/www.apucarana.pr.gov.br\/site\/wp-json\/"}],"wp:attachment":[{"href":"http:\/\/www.apucarana.pr.gov.br\/site\/wp-json\/wp\/v2\/media?parent=26855"}],"wp:term":[{"taxonomy":"category","embeddable":true,"href":"http:\/\/www.apucarana.pr.gov.br\/site\/wp-json\/wp\/v2\/categories?post=26855"},{"taxonomy":"post_tag","embeddable":true,"href":"http:\/\/www.apucarana.pr.gov.br\/site\/wp-json\/wp\/v2\/tags?post=26855"}],"curies":[{"name":"wp","href":"https:\/\/api.w.org\/{rel}","templated":true}]}}