{"id":2685,"date":"2015-03-23T17:48:59","date_gmt":"2015-03-23T17:48:59","guid":{"rendered":"http:\/\/172.16.0.7\/site-antigo\/?p=2685"},"modified":"2024-10-08T09:10:16","modified_gmt":"2024-10-08T12:10:16","slug":"apucarana-investira-rs-2-milhoes-em-iluminacao-publica","status":"publish","type":"post","link":"http:\/\/www.apucarana.pr.gov.br\/site\/apucarana-investira-rs-2-milhoes-em-iluminacao-publica\/","title":{"rendered":"Apucarana investir\u00e1 R$ 2 milh\u00f5es em ilumina\u00e7\u00e3o p\u00fablica"},"content":{"rendered":"<p><p><span style=\"letter-spacing: -0.02em; line-height: 1.45em; background-color: initial;\">O Instituto de Desenvolvimento, Pesquisa e Planejamento de Apucarana (Idepplan) est\u00e1 finalizando um projeto focado na moderniza\u00e7\u00e3o do sistema de ilumina\u00e7\u00e3o p\u00fablica de diversos bairros da cidade. A informa\u00e7\u00e3o foi dada ontem pelo prefeito Beto Preto, ap\u00f3s reuni\u00e3o com o engenheiro eletricista Lafayete Luz, que est\u00e1 concluindo levantamento de demanda e de custos para elabora\u00e7\u00e3o de um processo licitat\u00f3rio. A estimativa \u00e9 de que ser\u00e1 necess\u00e1rio um investimento gradativo de cerca de R$ 2 milh\u00f5es, para melhorar a efici\u00eancia do sistema.<\/span><\/p>\n<p>&ldquo;Ainda n\u00e3o assumimos a responsabilidade pela manuten\u00e7\u00e3o do sistema de ilumina\u00e7\u00e3o p\u00fablica, mas j\u00e1 estamos trabalhando para garantir mais qualidade neste servi\u00e7o&rdquo;, anuncia o prefeito Beto Preto. Atualmente, por for\u00e7a de liminar expedida pela justi\u00e7a, a Prefeitura de Apucarana, n\u00e3o assumiu o servi\u00e7o, que continua sob responsabilidade da Copel. &ldquo;Temos duas equipes de vistoria nas ruas e podemos assegurar que hoje, de 20 a 25% dos postes est\u00e3o com l&acirc;mpadas queimadas e isso ir\u00e1 motivar uma notifica\u00e7\u00e3o \u00e0 Copel, no sentido de que cumpra o seu papel&rdquo;, diz o prefeito.<\/p>\n<p>Para Beto Preto, da maneira como est\u00e1 sendo conduzida essa transfer\u00eancia de responsabilidade de manuten\u00e7\u00e3o do sistema de ilumina\u00e7\u00e3o p\u00fablica, comete-se um abuso contra os munic\u00edpios. &ldquo;A Ag\u00eancia Nacional de Energia El\u00e9trica e as estatais precisam rever estes crit\u00e9rios&rdquo;, avalia ele. <\/p>\n<p>No caso de Apucarana, o prefeito revela que tecnologia e componentes que come\u00e7aram a ser utilizados na d\u00e9cada de 70 &ndash; portanto h\u00e1 45 anos -, ainda est\u00e3o em uso em centenas de vias p\u00fablicas de Apucarana. &ldquo;Vale ressaltar que o resultado dessa troca de equipamentos ir\u00e1 gerar um ganho de fluxo luminoso na faixa de 70 a 227% nos mais diversos bairros de Apucarana&rdquo;, adianta ele.<\/p>\n<p>&ldquo;L&acirc;mpadas de vapor de merc\u00fario que, comprovadamente, t\u00eam baixa pot\u00eancia e p\u00e9ssima qualidade de luminosidade ainda s\u00e3o utilizadas em dezenas de bairros&rdquo;, revela o prefeito. Ele argumenta que o foco \u00e9 garantir mais efici\u00eancia na luminosidade e, ao mesmo tempo, mais seguran\u00e7a p\u00fablica para a popula\u00e7\u00e3o.<\/p>\n<\/p>\n<p><b style=\"letter-spacing: -0.02em; line-height: 1.45em; background-color: initial;\">Vapor de merc\u00fario \u00e9 modelo<\/b><b style=\"letter-spacing: -0.02em; line-height: 1.45em; background-color: initial;\">ultrapassado&rdquo;, diz engenheiro<\/b><\/p>\n<p>O engenheiro eletricista Lafayete Luz explica que Apucarana ainda tem nas suas ruas e avenidas, principalmente de bairros perif\u00e9ricos, 5.000 l&acirc;mpadas de vapor de merc\u00fario. &ldquo;Este tipo de l&acirc;mpada t\u00eam um p\u00e9ssimo rendimento de luminosidade e est\u00e1 em desuso na maioria das cidades do pa\u00eds&rdquo;, informa.<\/p>\n<p>Pior ainda, de acordo com o engenheiro, \u00e9 a situa\u00e7\u00e3o de outras ruas, onde ainda s\u00e3o utilizadas 600 l&acirc;mpadas mistas, que sequer disp\u00f5em de reatores. &ldquo;A precariedade e defici\u00eancia s\u00e3o absurdas&rdquo;, frisa o diretor do Idepplan, explicando que l&acirc;mpadas de vapor de merc\u00fario t\u00eam um desgaste constante.<\/p>\n<p>Conforme prev\u00ea Lafayete Luz, com a substitui\u00e7\u00e3o de todo o sistema por l&acirc;mpadas de vapor de s\u00f3dio, com pot\u00eancia de 100 watts, a vida \u00fatil dos equipamentos ser\u00e1 ampliada em cerca de 30%. Em parte das vias da cidade, onde as l&acirc;mpadas s\u00e3o de vapor de s\u00f3dio de 70 watts de pot\u00eancia, n\u00e3o haver\u00e1 substitui\u00e7\u00e3o.<\/p>\n<p>O prefeito Beto Preto diz que o custo deste investimento ser\u00e1 bancado com recursos pr\u00f3prios do munic\u00edpio, a partir de um planejamento de caixa. &ldquo;Logo iremos lan\u00e7ar o edital de licita\u00e7\u00e3o, visando a contrata\u00e7\u00e3o de uma empresa especializada para a substitui\u00e7\u00e3o de l&acirc;mpadas e lumin\u00e1rias, com estrutura de ve\u00edculos e pessoal para realizar o servi\u00e7o&rdquo;, informa Beto Preto.<\/p>\n<p><b style=\"letter-spacing: -0.02em; line-height: 1.45em; background-color: initial;\">Bairros e distritos ser\u00e3o atendidos<\/b><\/p>\n<p>Entre alguns locais enumerados pelo engenheiro Lafayete Luz, do Idepplan, e que det\u00e9m sistemas arcaicos de ilumina\u00e7\u00e3o p\u00fablica est\u00e3o os distritos de Vila Reis, Pirap\u00f3, Caixa de S\u00e3o Pedro e a Vila Nova e o Interlagos. &ldquo;As l&acirc;mpadas e lumin\u00e1rias deixam as ruas escuras e sem seguran\u00e7a&rdquo;, admite o engenheiro.<\/p>\n<p>Ele cita o exemplo de duas ruas Grande Alexandre (foto) e a Ari Barroso (foto), na Vila Nova, aonde postes com l&acirc;mpadas de vapor de merc\u00fario deixam essas vias na escurid\u00e3o. &ldquo;A precariedade \u00e9 not\u00f3ria&rdquo;, diz o engenheiro.<\/p>\n<p>Segundo ele, atendendo recomenda\u00e7\u00e3o do prefeito Beto Preto, a prioridade ser\u00e3o o entorno de escolas, postos de sa\u00fade e logradouros p\u00fablicos, al\u00e9m de avenidas e vias deitiner\u00e1riode &ocirc;nibus dotransporte coletivo urbano. &ldquo;Tenho convic\u00e7\u00e3o de que este projeto ir\u00e1 mudar significativamente a efici\u00eancia da ilumina\u00e7\u00e3o p\u00fablica da cidade&rdquo;, conclui Lafayete luz.<\/p>\n<p><\/p>\n","protected":false},"excerpt":{"rendered":"<p>Projeto prev&ecirc; reposi&ccedil;&atilde;o de 5.500 l&acirc;mpadas e lumin&aacute;rias em bairros da cidade<\/p>\n","protected":false},"author":4,"featured_media":0,"comment_status":"closed","ping_status":"closed","sticky":false,"template":"","format":"standard","meta":{"footnotes":""},"categories":[24],"tags":[],"class_list":["post-2685","post","type-post","status-publish","format-standard","hentry","category-noticias"],"acf":[],"_links":{"self":[{"href":"http:\/\/www.apucarana.pr.gov.br\/site\/wp-json\/wp\/v2\/posts\/2685","targetHints":{"allow":["GET"]}}],"collection":[{"href":"http:\/\/www.apucarana.pr.gov.br\/site\/wp-json\/wp\/v2\/posts"}],"about":[{"href":"http:\/\/www.apucarana.pr.gov.br\/site\/wp-json\/wp\/v2\/types\/post"}],"author":[{"embeddable":true,"href":"http:\/\/www.apucarana.pr.gov.br\/site\/wp-json\/wp\/v2\/users\/4"}],"replies":[{"embeddable":true,"href":"http:\/\/www.apucarana.pr.gov.br\/site\/wp-json\/wp\/v2\/comments?post=2685"}],"version-history":[{"count":1,"href":"http:\/\/www.apucarana.pr.gov.br\/site\/wp-json\/wp\/v2\/posts\/2685\/revisions"}],"predecessor-version":[{"id":104194,"href":"http:\/\/www.apucarana.pr.gov.br\/site\/wp-json\/wp\/v2\/posts\/2685\/revisions\/104194"}],"wp:attachment":[{"href":"http:\/\/www.apucarana.pr.gov.br\/site\/wp-json\/wp\/v2\/media?parent=2685"}],"wp:term":[{"taxonomy":"category","embeddable":true,"href":"http:\/\/www.apucarana.pr.gov.br\/site\/wp-json\/wp\/v2\/categories?post=2685"},{"taxonomy":"post_tag","embeddable":true,"href":"http:\/\/www.apucarana.pr.gov.br\/site\/wp-json\/wp\/v2\/tags?post=2685"}],"curies":[{"name":"wp","href":"https:\/\/api.w.org\/{rel}","templated":true}]}}