{"id":26846,"date":"2019-09-27T19:17:34","date_gmt":"2019-09-27T22:17:34","guid":{"rendered":"http:\/\/172.16.0.7\/site-antigo\/?p=26846"},"modified":"2024-10-08T09:19:51","modified_gmt":"2024-10-08T12:19:51","slug":"prefeitura-inaugura-espaco-empreender","status":"publish","type":"post","link":"http:\/\/www.apucarana.pr.gov.br\/site\/prefeitura-inaugura-espaco-empreender\/","title":{"rendered":"Prefeitura inaugura Espa\u00e7o Empreender"},"content":{"rendered":"<p>O Projeto de Economia Solid\u00e1ria e Protagonismo Feminino, da secretaria da Mulher e Assuntos da Fam\u00edlia, inaugurou nesta sexta-feira (27\/9) o Espa\u00e7o Empreender, localizado em uma casa do antigo Instituto Brasileiro do Caf\u00e9 (IBC), na esquina das ruas Byngton e P\u00e9ricles, na Vila Nova.<br \/>\nO espa\u00e7o foi reformado, pintado e teve instala\u00e7\u00f5es el\u00e9tricas readequadas. A \u00e1rea do entorno da casa tamb\u00e9m recebeu benfeitorias como capinagem, limpeza e varri\u00e7\u00e3o do terreno. Na parte externa haver\u00e1 uma farm\u00e1cia viva, com canteiro de plantas medicinais, al\u00e9m de horta e jardim solid\u00e1rios, um melipon\u00e1rio urbano, com cria\u00e7\u00e3o de abelhas sem ferr\u00e3o, e bosque de \u00e1rvores nativas.<br \/>\n\u201cO Espa\u00e7o Empreender funcionar\u00e1 como um acelerador e tamb\u00e9m uma incubadora dos empreendimentos econ\u00f4mico-solid\u00e1rios. O local \u00e9 destinado ao aprimoramento pessoal e profissional das integrantes da Rede de Economia Solid\u00e1ria, o que \u00e9 necess\u00e1rio para a viabilidade e sucesso dos empreendimentos\u201d, explica a secret\u00e1ria Denise Canesin. \u201cO projeto disp\u00f5e agora de 14 espa\u00e7os compartilhados na cidade, no qual as mulheres geram emprego e renda.\u201d<br \/>\nSegundo a coordenadora da Economia Solid\u00e1ria Bete Berton, o novo espa\u00e7o ter\u00e1 uma multiplicidade de usos. \u201cShow room de produtos, workshops, oficinas de viv\u00eancia, startup solid\u00e1ria, oficina de produ\u00e7\u00e3o de pe\u00e7as a partir de res\u00edduos t\u00eaxteis, capacita\u00e7\u00f5es, \u00e1rea de beleza e est\u00e9tica s\u00e3o algumas das pr\u00e1ticas que teremos. Tamb\u00e9m vamos implantar uma escola de neg\u00f3cios com apoio da UTFPR (Universidade Tecnol\u00f3gica Federal do Paran\u00e1) e Unespar (Universidade Estadual do Paran\u00e1).\u201d<br \/>\n<strong>Fraldas <\/strong>Uma m\u00e1quina de produ\u00e7\u00e3o de fraldas, doada pelo Moto Clube Asas da Liberdade \u00e0 administra\u00e7\u00e3o municipal, come\u00e7ou oficialmente a trabalhar. O empreendimento econ\u00f4mico-solid\u00e1rio Juju Fraldas poder\u00e1, com o equipamento, produzir at\u00e9 mil fraldas por hora. Parte do material ser\u00e1 doado ao Lar S\u00e3o Vicente de Paula, como pagamento \u00e0 cess\u00e3o da m\u00e1quina pela Prefeitura. Com a verba arrecada pela venda da outra parte, as empreendedoras Sarita Baldini e Rosana de Castro poder\u00e3o reinvestir na compra de mais material.<br \/>\n<strong>Hist\u00f3rico<\/strong> O Projeto de Economia Solid\u00e1ria e Protagonismo Feminino teve in\u00edcio em dezembro de 2013 e nesses quase seis anos de funcionamento capacitou 910 mulheres. O prefeito J\u00fanior da Femac relembrou, em seu discurso, o in\u00edcio do Projeto. \u201cN\u00e3o imagin\u00e1vamos que a Economia Solid\u00e1ria tomaria essa dimens\u00e3o. Nossa meta era capacitar cem mulheres, em especial aquelas em situa\u00e7\u00e3o de viol\u00eancia dom\u00e9stica, para que elas pudessem alcan\u00e7ar a emancipa\u00e7\u00e3o financeira. Hoje temos produtos em restaurantes chiques, no hotel do Sesc. O Projeto extrapolou a quest\u00e3o da viol\u00eancia e possibilita a muita mais mulheres obter emprego e renda\u201d, frisou.<br \/>\nA Economia Solid\u00e1ria de Apucarana serve de inspira\u00e7\u00e3o regional e estadual. Os munic\u00edpios de Cambira e de Guarapuava v\u00eam replicando o modelo apucaranense. Atualmente existem empreendimentos econ\u00f4mico-solid\u00e1rios nas \u00e1reas de gastronomia, confec\u00e7\u00e3o, design gr\u00e1fico, plantas ornamentais e medicinais, meliponicultura, bordados \u00e0 m\u00e3o e \u00e0 m\u00e1quina, artesanato com fibras naturais, manualidades (tric\u00f4, croch\u00ea, costura dom\u00e9stica, pintura em tecido, em tela e em madeira), desenho art\u00edstico manual, marcenaria, produ\u00e7\u00e3o de hortifrutis org\u00e2nicos. Os princ\u00edpios que norteiam a Economia Solid\u00e1ria s\u00e3o autogest\u00e3o, coopera\u00e7\u00e3o, solidariedade, sustentabilidade e viabilidade econ\u00f4mica.<br \/>\n<strong>Servi\u00e7o <\/strong>A pr\u00f3xima capacita\u00e7\u00e3o ser\u00e1 no final de outubro. Quem estiver interessado deve se inscrever no Espa\u00e7o Mulher, que fica na Rua Oswaldo Cruz, 432.<br \/>\n&nbsp;<br \/>\n<strong>\u00a0<\/strong><\/p>\n","protected":false},"excerpt":{"rendered":"<p>Economia Solid\u00e1ria destina centro ao desenvolvimento profissional e pessoal  (Fotos: PMA)<\/p>\n","protected":false},"author":4,"featured_media":26852,"comment_status":"closed","ping_status":"open","sticky":false,"template":"","format":"standard","meta":{"footnotes":""},"categories":[24],"tags":[],"class_list":["post-26846","post","type-post","status-publish","format-standard","has-post-thumbnail","hentry","category-noticias"],"acf":[],"_links":{"self":[{"href":"http:\/\/www.apucarana.pr.gov.br\/site\/wp-json\/wp\/v2\/posts\/26846","targetHints":{"allow":["GET"]}}],"collection":[{"href":"http:\/\/www.apucarana.pr.gov.br\/site\/wp-json\/wp\/v2\/posts"}],"about":[{"href":"http:\/\/www.apucarana.pr.gov.br\/site\/wp-json\/wp\/v2\/types\/post"}],"author":[{"embeddable":true,"href":"http:\/\/www.apucarana.pr.gov.br\/site\/wp-json\/wp\/v2\/users\/4"}],"replies":[{"embeddable":true,"href":"http:\/\/www.apucarana.pr.gov.br\/site\/wp-json\/wp\/v2\/comments?post=26846"}],"version-history":[{"count":1,"href":"http:\/\/www.apucarana.pr.gov.br\/site\/wp-json\/wp\/v2\/posts\/26846\/revisions"}],"predecessor-version":[{"id":100114,"href":"http:\/\/www.apucarana.pr.gov.br\/site\/wp-json\/wp\/v2\/posts\/26846\/revisions\/100114"}],"wp:featuredmedia":[{"embeddable":true,"href":"http:\/\/www.apucarana.pr.gov.br\/site\/wp-json\/"}],"wp:attachment":[{"href":"http:\/\/www.apucarana.pr.gov.br\/site\/wp-json\/wp\/v2\/media?parent=26846"}],"wp:term":[{"taxonomy":"category","embeddable":true,"href":"http:\/\/www.apucarana.pr.gov.br\/site\/wp-json\/wp\/v2\/categories?post=26846"},{"taxonomy":"post_tag","embeddable":true,"href":"http:\/\/www.apucarana.pr.gov.br\/site\/wp-json\/wp\/v2\/tags?post=26846"}],"curies":[{"name":"wp","href":"https:\/\/api.w.org\/{rel}","templated":true}]}}