{"id":2684,"date":"2015-03-23T17:33:00","date_gmt":"2015-03-23T17:33:00","guid":{"rendered":"http:\/\/172.16.0.7\/site-antigo\/?p=2684"},"modified":"2024-10-08T09:10:16","modified_gmt":"2024-10-08T12:10:16","slug":"prefeitura-reabre-trecho-da-osorio-ribas","status":"publish","type":"post","link":"http:\/\/www.apucarana.pr.gov.br\/site\/prefeitura-reabre-trecho-da-osorio-ribas\/","title":{"rendered":"Prefeitura reabre trecho da &#8220;Os\u00f3rio Ribas&#8221;"},"content":{"rendered":"<p><p><span style=\"letter-spacing: -0.02em; line-height: 1.45em; background-color: initial;\">Depois de in\u00fameras reclama\u00e7\u00f5es de comerciantes, lojistas, prestadores de servi\u00e7os e tamb\u00e9m de pedestres em rela\u00e7\u00e3o ao &ldquo;Quarteir\u00e3o das &Aacute;guas&rdquo; em Apucarana, o complexo de chafarizes instalado na Rua Os\u00f3rio Ribas de Paula, no centro da cidade, come\u00e7ou a ser retirado deste local, na manh\u00e3 de s\u00e1bado.<\/span><\/p>\n<p>Oper\u00e1rios da Secretaria de Obras, utilizando uma p\u00e1-carregadeira e caminh\u00f5es removeram as fontes. J\u00e1 os equipamentos ser\u00e3o reinstalados em outro logradouro p\u00fablico, ap\u00f3s revis\u00e3o de manuten\u00e7\u00e3o. As \u00e1rvores ornamentais est\u00e3o sendo replantadas no Parque dos 70 Anos, na regi\u00e3o do Jaboti. <\/p>\n<p>No local, a prefeitura ir\u00e1 reabrir galerias, reconstruir as cal\u00e7adas, meio-fio e mais uma pista de rodagem de ve\u00edculos, al\u00e9m de abrir mais vagas de estacionamento.<\/p>\n<p>O prefeito Beto Preto justifica que, apesar do dinheiro investido na constru\u00e7\u00e3o da estrutura, a retirada era necess\u00e1ria, pois a obra estava condenada, com infiltra\u00e7\u00f5es e eros\u00f5es. &ldquo;Nosso objetivo n\u00e3o \u00e9 destruir nada e sim construir solu\u00e7\u00f5es. Uma cidade com o tamanho de Apucarana precisa de fluxo no tr&acirc;nsito e a retirada dos chafarizes vai proporcionar isso, sem prejudicar o espa\u00e7o do pedestre&rdquo;, explica o prefeito.<\/p>\n<p>Ele diz ainda que apesar do alto investimento para a \u00e9poca, a obra n\u00e3o incluiu uma reestrutura\u00e7\u00e3o da ilumina\u00e7\u00e3o do entorno e nem medidas que evitassem infiltra\u00e7\u00f5es. &ldquo;Antes de instalar essa obra, n\u00e3o houve consulta ou discuss\u00e3o com as pessoas, sobretudo com os comerciantes, prestadores de servi\u00e7o, motoristas e transeuntes que usavam esse espa\u00e7o da cidade para o seu trabalho ou para se locomover&rdquo;, avalia o prefeito, assinalando tamb\u00e9m que o quarteir\u00e3o das \u00e1guas criou um grave afunilamento do tr\u00e1fego que sai da Pra\u00e7a Rui Barbosa. &ldquo;Diante de todos estes argumentos e pondera\u00e7\u00f5es dos mun\u00edcipes foi preciso assumir uma postura em rela\u00e7\u00e3o a esta complicada situa\u00e7\u00e3o, na \u00e1rea central da cidade&rdquo;, concluiu.<\/p>\n<p><b style=\"letter-spacing: -0.02em; line-height: 1.45em; background-color: initial;\">Comerciantes exigiam retirada<\/b><\/p>\n<p><span>De acordo com o secret\u00e1rio Herivelto Moreno, a obra foi considerada de mau gosto por comerciantes do local e gera pol\u00eamica desde que foi inaugurada em 2008, com investimento de R$ 378 mil. Nunca houve uma conviv\u00eancia harm&ocirc;nica dos tanques e chafarizes com os lojistas e profissionais liberais instalados neste trecho da Rua Os\u00f3rio Ribas de Paula.<\/span><\/p>\n<p>O mesmo ocorreu com rela\u00e7\u00e3o aos pedestres, que sempre reclamavam da obstru\u00e7\u00e3o da via e at\u00e9 de serem atingidos por jatos de \u00e1gua. Outras reclama\u00e7\u00f5es foram feitas em v\u00e1rias ocasi\u00f5es, por constantes problemas nos equipamentos, mau cheiro da \u00e1gua e pelo vandalismo promovido por moradores de rua.<\/p>\n<p>Desde o fim de 2014, comerciantes amea\u00e7avam entrar na justi\u00e7a para pedir a retirada do complexo de fontes, que n\u00e3o funcionava e vinha causando infiltra\u00e7\u00f5es e ac\u00famulo de \u00e1gua parada.<br \/> O s\u00edndico do Condom\u00ednio Centro Comercial, vizinho ao &ldquo;Quarteir\u00e3o das &Aacute;guas&rdquo;, o advogado e l\u00edder dos comerciantes da regi\u00e3o, Ida Hiroyoshi, afirma que desde que os chafarizes foram instalados &#8211; ocupando quase a totalidade da cal\u00e7ada -, o movimento no com\u00e9rcio caiu 60%. &ldquo;A obra foi mal projetada e feita \u00e0s pressas e infiltra\u00e7\u00f5es j\u00e1 estavam comprometendo a estrutura do nosso edif\u00edcio. Ela s\u00f3 serviu para espantar a clientela. Finalmente nossas reivindica\u00e7\u00f5es est\u00e3o sendo atendidas e a fonte est\u00e1 sendo retirada. Agora vamos pleitear um estacionamento com vagas transversais para otimizar o espa\u00e7o&rdquo;, relata o advogado.<\/p>\n<p><\/p>\n","protected":false},"excerpt":{"rendered":"<p>Trecho da rua que abrigava o quarteir&atilde;o das &aacute;guas voltar&aacute; a ter duas pistas para tr&aacute;fego e estacionamento<\/p>\n","protected":false},"author":4,"featured_media":0,"comment_status":"closed","ping_status":"closed","sticky":false,"template":"","format":"standard","meta":{"footnotes":""},"categories":[24],"tags":[],"class_list":["post-2684","post","type-post","status-publish","format-standard","hentry","category-noticias"],"acf":[],"_links":{"self":[{"href":"http:\/\/www.apucarana.pr.gov.br\/site\/wp-json\/wp\/v2\/posts\/2684","targetHints":{"allow":["GET"]}}],"collection":[{"href":"http:\/\/www.apucarana.pr.gov.br\/site\/wp-json\/wp\/v2\/posts"}],"about":[{"href":"http:\/\/www.apucarana.pr.gov.br\/site\/wp-json\/wp\/v2\/types\/post"}],"author":[{"embeddable":true,"href":"http:\/\/www.apucarana.pr.gov.br\/site\/wp-json\/wp\/v2\/users\/4"}],"replies":[{"embeddable":true,"href":"http:\/\/www.apucarana.pr.gov.br\/site\/wp-json\/wp\/v2\/comments?post=2684"}],"version-history":[{"count":1,"href":"http:\/\/www.apucarana.pr.gov.br\/site\/wp-json\/wp\/v2\/posts\/2684\/revisions"}],"predecessor-version":[{"id":104195,"href":"http:\/\/www.apucarana.pr.gov.br\/site\/wp-json\/wp\/v2\/posts\/2684\/revisions\/104195"}],"wp:attachment":[{"href":"http:\/\/www.apucarana.pr.gov.br\/site\/wp-json\/wp\/v2\/media?parent=2684"}],"wp:term":[{"taxonomy":"category","embeddable":true,"href":"http:\/\/www.apucarana.pr.gov.br\/site\/wp-json\/wp\/v2\/categories?post=2684"},{"taxonomy":"post_tag","embeddable":true,"href":"http:\/\/www.apucarana.pr.gov.br\/site\/wp-json\/wp\/v2\/tags?post=2684"}],"curies":[{"name":"wp","href":"https:\/\/api.w.org\/{rel}","templated":true}]}}