{"id":26838,"date":"2019-09-27T18:13:51","date_gmt":"2019-09-27T21:13:51","guid":{"rendered":"http:\/\/172.16.0.7\/site-antigo\/?p=26838"},"modified":"2024-10-08T09:19:51","modified_gmt":"2024-10-08T12:19:51","slug":"campanha-em-prol-de-unidade-oncologica-finaliza-com-sorteio-de-premios","status":"publish","type":"post","link":"http:\/\/www.apucarana.pr.gov.br\/site\/campanha-em-prol-de-unidade-oncologica-finaliza-com-sorteio-de-premios\/","title":{"rendered":"Campanha em prol de unidade oncol\u00f3gica finaliza com sorteio de pr\u00eamios"},"content":{"rendered":"<p>A Unidade de Tratamento do C\u00e2ncer do Hospital da Provid\u00eancia realizou nesta sexta-feira (27\/09) o sorteio de encerramento da campanha \u201cDoa\u00e7\u00e3o Premiada\u201d, em prol da constru\u00e7\u00e3o do novo setor de radioterapia da unidade hospitalar. De um total de 5 mil cupons, 4.082 foram validados em forma de doa\u00e7\u00e3o, resultando em uma arrecada\u00e7\u00e3o de R$408.200,00. O ganhador do primeiro pr\u00eamio, uma Mercedes-Benz GLK 280, 2008, modelo 2009, foi o bilhete n\u00ba 0400, em nome de Renato Franciscon. J\u00e1 o segundo pr\u00eamio, um Fusca Rel\u00edquia Itamar, ano 94, saiu para o bilhete n\u00ba 1955, tendo como ganhador Ricardo Tizeu. Os autom\u00f3veis foram doa\u00e7\u00e3o de volunt\u00e1rios do hospital.<br \/>\nCom auditoria do presidente da Associa\u00e7\u00e3o Comercial, Industrial e de Servi\u00e7os de Apucarana (Acia), Jaime Leonel, da presidente do Sindicato do Com\u00e9rcio Varejista de Apucarana (Sivana), Aida Assun\u00e7\u00e3o, do pastor Valdir Silv\u00e9rio dos Reis e do padre Nelson Muchenski, o sorteio contou com a presen\u00e7a do prefeito J\u00fanior da Femac e muitos doadores, que acompanharam o evento com muita expectativa. \u201cPosso dizer que este \u00e9 um momento muito saboroso, hist\u00f3rico, onde a comunidade entra e d\u00e1 a sua contribui\u00e7\u00e3o na constru\u00e7\u00e3o desta importante unidade de radioterapia, que vai atender Apucarana e regi\u00e3o\u201d, assinalou o prefeito.<br \/>\nEle frisa que o sucesso de doa\u00e7\u00f5es se deve ao esp\u00edrito de solidariedade inerente ao apucaranense. \u201cMesmo em um momento de crise vivido por todo brasileiro, presenciamos esta a\u00e7\u00e3o bel\u00edssima, que teve total engajamento de toda equipe do hospital, volunt\u00e1rios, ve\u00edculos de comunica\u00e7\u00e3o, entre outros colaboradores, enfim, \u00e9 Deus fazendo parte deste movimento que teve in\u00edcio com a conquista do equipamento de radioterapia junto \u00e0 Itaipu Binacional, pelo deputado Federal S\u00e9rgio Souza e com grande articula\u00e7\u00e3o do nosso secret\u00e1rio de Estado de Sa\u00fade Beto Preto\u201d, disse J\u00fanior da Femac, lembrando que a Prefeitura de Apucarana, atrav\u00e9s da Autarquia Municipal de Sa\u00fade, j\u00e1 destinou R$1 milh\u00e3o e prefeituras de cidades do Vale do Iva\u00ed tamb\u00e9m j\u00e1 colaboraram com recursos para a obra.<br \/>\nOs n\u00fameros dos globos de sorteio foram retirados pelo vice-presidente da C\u00e2mara de Vereadores, Francisley Poim, pela volunt\u00e1ria da UTC \u00c2ngela Blanski, pela volunt\u00e1ria do grupo Anjos do Provid\u00eancia, Odete Fran\u00e7olin e pela paciente da UTC Maria Ang\u00e9lica. Acompanhada do diretor-executivo, Guilherme Borges, a diretora-geral do Hospital da Provid\u00eancia, irm\u00e3 Geovana Aparecida Ramos agradeceu a todos que estiveram envolvidos na campanha. \u201cForam 4.082 doa\u00e7\u00f5es que v\u00e3o fazer a diferen\u00e7a para a constru\u00e7\u00e3o do setor de radioterapia, que vai ajudar no tratamento de pessoas que lutam pela cura do c\u00e2ncer, pela vida\u201d, disse.<br \/>\nNova unidade \u2013 O ultramoderno equipamento de radioterapia para a Unidade de Tratamento do C\u00e2ncer do Hospital da Provid\u00eancia de Apucarana foi conquistado pelo deputado Federal S\u00e9rgio Souza junto \u00e0 Itaipu Binacional. O investimento \u00e9 de cerca de R$ 8 milh\u00f5es, sendo R$ 5 milh\u00f5es o valor do equipamento, que \u00e9 fabricado nos Estados Unidos, e R$ 3 milh\u00f5es destinados a sua estrutura f\u00edsica (bunker) para abrigar a tecnologia. Nos \u00faltimos anos, mais de 87 mil atendimentos para pacientes oncol\u00f3gicos foram realizados e 36 mil quimioterapias, atendendo 17 munic\u00edpios da regi\u00e3o. Atualmente, quem precisa do tratamento de radioterapia precisa recorrer a Londrina, Curitiba ou outros centros.<\/p>\n","protected":false},"excerpt":{"rendered":"<p>De um total de 5 mil cupons, 4.082 foram validados em forma de doa\u00e7\u00e3o, resultando em uma arrecada\u00e7\u00e3o de R$408.200,00 que ser\u00e3o revertidos para constru\u00e7\u00e3o da unidade de radioterapia do Hospital da Provid\u00eancia (Foto: PMA)<\/p>\n","protected":false},"author":4,"featured_media":26842,"comment_status":"closed","ping_status":"open","sticky":false,"template":"","format":"standard","meta":{"footnotes":""},"categories":[24],"tags":[],"class_list":["post-26838","post","type-post","status-publish","format-standard","has-post-thumbnail","hentry","category-noticias"],"acf":[],"_links":{"self":[{"href":"http:\/\/www.apucarana.pr.gov.br\/site\/wp-json\/wp\/v2\/posts\/26838","targetHints":{"allow":["GET"]}}],"collection":[{"href":"http:\/\/www.apucarana.pr.gov.br\/site\/wp-json\/wp\/v2\/posts"}],"about":[{"href":"http:\/\/www.apucarana.pr.gov.br\/site\/wp-json\/wp\/v2\/types\/post"}],"author":[{"embeddable":true,"href":"http:\/\/www.apucarana.pr.gov.br\/site\/wp-json\/wp\/v2\/users\/4"}],"replies":[{"embeddable":true,"href":"http:\/\/www.apucarana.pr.gov.br\/site\/wp-json\/wp\/v2\/comments?post=26838"}],"version-history":[{"count":1,"href":"http:\/\/www.apucarana.pr.gov.br\/site\/wp-json\/wp\/v2\/posts\/26838\/revisions"}],"predecessor-version":[{"id":100115,"href":"http:\/\/www.apucarana.pr.gov.br\/site\/wp-json\/wp\/v2\/posts\/26838\/revisions\/100115"}],"wp:featuredmedia":[{"embeddable":true,"href":"http:\/\/www.apucarana.pr.gov.br\/site\/wp-json\/"}],"wp:attachment":[{"href":"http:\/\/www.apucarana.pr.gov.br\/site\/wp-json\/wp\/v2\/media?parent=26838"}],"wp:term":[{"taxonomy":"category","embeddable":true,"href":"http:\/\/www.apucarana.pr.gov.br\/site\/wp-json\/wp\/v2\/categories?post=26838"},{"taxonomy":"post_tag","embeddable":true,"href":"http:\/\/www.apucarana.pr.gov.br\/site\/wp-json\/wp\/v2\/tags?post=26838"}],"curies":[{"name":"wp","href":"https:\/\/api.w.org\/{rel}","templated":true}]}}