{"id":26835,"date":"2019-09-27T18:09:14","date_gmt":"2019-09-27T21:09:14","guid":{"rendered":"http:\/\/172.16.0.7\/site-antigo\/?p=26835"},"modified":"2024-10-08T09:19:52","modified_gmt":"2024-10-08T12:19:52","slug":"apucarana-instala-novos-parques-infantis-2","status":"publish","type":"post","link":"http:\/\/www.apucarana.pr.gov.br\/site\/apucarana-instala-novos-parques-infantis-2\/","title":{"rendered":"Apucarana instala novos parques infantis"},"content":{"rendered":"<p>A Prefeitura de Apucarana, por meio da Secretaria de Obras, come\u00e7ou a instalar ontem novos parques infantis em \u00e1reas de lazer da cidade. Os dois primeiros j\u00e1 foram fixados nesta sexta-feira (27) em espa\u00e7os dos parques Jaboti e Bigua\u00e7u. Nesta primeira etapa, mais duas unidades ser\u00e3o instaladas no Parque Ecol\u00f3gico da Raposa, uma no N\u00facleo Jo\u00e3o Paulo \u2013 em local a ser definido ainda \u2013 e mais um no distrito de Vila Reis.<br \/>\nO prefeito Junior da Femac diz que pretende renovar os brinquedos em diversas \u00e1reas de lazer, incluindo pra\u00e7as e parques municipais, complementando estruturas j\u00e1 existentes. \u201cEstamos substituindo os brinquedos met\u00e1licos, por um material de melhor qualidade e que tamb\u00e9m garante mais seguran\u00e7a para as crian\u00e7as. Trata-se da madeira pl\u00e1stica, um produto 100% ecol\u00f3gico, resultante da aplica\u00e7\u00e3o de moderna tecnologia industrial\u201d, comenta o prefeito.<br \/>\nO secret\u00e1rio de obras, engenheiro Heivelto Moreno, explica que o processo de fabrica\u00e7\u00e3o da madeira pl\u00e1stica agrega mat\u00e9rias-primas recicl\u00e1veis, como por exemplo, res\u00edduos pl\u00e1sticos industriais dos mais variados. \u201cEsses res\u00edduos s\u00e3o misturados para que sejam transformados em pe\u00e7as semelhantes \u00e0 madeira natural. Os brinquedos de madeira pl\u00e1stica n\u00e3o sofrem desgaste com as chuvas e t\u00eam maior durabilidade, com uma composi\u00e7\u00e3o totalmente sustent\u00e1vel\u201d, informa Moreno.<br \/>\nO investimento do Munic\u00edpio, mediante processo licitat\u00f3rio, foi de R$ 136.798,00, na compra de seis unidades de variadas dimens\u00f5es. O prefeito Junior da Femac justifica que as atividades ao ar livre geram qualidade de vida \u00e0s crian\u00e7as com uma melhora significativa em sua sa\u00fade, tanto f\u00edsica como mental. \u201c\u00c9 dever do Munic\u00edpio o cuidado com a sa\u00fade e lazer da popula\u00e7\u00e3o, incluindo uma especial aten\u00e7\u00e3o em rela\u00e7\u00e3o \u00e0s crian\u00e7as, criando espa\u00e7os agrad\u00e1veis que podem e devem substituir a televis\u00e3o, o celular e os jogos eletr\u00f4nicos\u201d, avalia.<\/p>\n","protected":false},"excerpt":{"rendered":"<p>Primeiros conjuntos de equipamentos foram fixados nesta sexta-feira, no Jaboti e Bigua\u00e7u (Foto: PMA)<\/p>\n","protected":false},"author":4,"featured_media":26832,"comment_status":"closed","ping_status":"open","sticky":false,"template":"","format":"standard","meta":{"footnotes":""},"categories":[24],"tags":[],"class_list":["post-26835","post","type-post","status-publish","format-standard","has-post-thumbnail","hentry","category-noticias"],"acf":[],"_links":{"self":[{"href":"http:\/\/www.apucarana.pr.gov.br\/site\/wp-json\/wp\/v2\/posts\/26835","targetHints":{"allow":["GET"]}}],"collection":[{"href":"http:\/\/www.apucarana.pr.gov.br\/site\/wp-json\/wp\/v2\/posts"}],"about":[{"href":"http:\/\/www.apucarana.pr.gov.br\/site\/wp-json\/wp\/v2\/types\/post"}],"author":[{"embeddable":true,"href":"http:\/\/www.apucarana.pr.gov.br\/site\/wp-json\/wp\/v2\/users\/4"}],"replies":[{"embeddable":true,"href":"http:\/\/www.apucarana.pr.gov.br\/site\/wp-json\/wp\/v2\/comments?post=26835"}],"version-history":[{"count":1,"href":"http:\/\/www.apucarana.pr.gov.br\/site\/wp-json\/wp\/v2\/posts\/26835\/revisions"}],"predecessor-version":[{"id":100116,"href":"http:\/\/www.apucarana.pr.gov.br\/site\/wp-json\/wp\/v2\/posts\/26835\/revisions\/100116"}],"wp:featuredmedia":[{"embeddable":true,"href":"http:\/\/www.apucarana.pr.gov.br\/site\/wp-json\/"}],"wp:attachment":[{"href":"http:\/\/www.apucarana.pr.gov.br\/site\/wp-json\/wp\/v2\/media?parent=26835"}],"wp:term":[{"taxonomy":"category","embeddable":true,"href":"http:\/\/www.apucarana.pr.gov.br\/site\/wp-json\/wp\/v2\/categories?post=26835"},{"taxonomy":"post_tag","embeddable":true,"href":"http:\/\/www.apucarana.pr.gov.br\/site\/wp-json\/wp\/v2\/tags?post=26835"}],"curies":[{"name":"wp","href":"https:\/\/api.w.org\/{rel}","templated":true}]}}