{"id":2683,"date":"2015-03-23T17:06:59","date_gmt":"2015-03-23T17:06:59","guid":{"rendered":"http:\/\/172.16.0.7\/site-antigo\/?p=2683"},"modified":"2024-10-08T09:10:16","modified_gmt":"2024-10-08T12:10:16","slug":"apucaranenses-ganham-nova-chance-para-quitar-iptu-de-2014","status":"publish","type":"post","link":"http:\/\/www.apucarana.pr.gov.br\/site\/apucaranenses-ganham-nova-chance-para-quitar-iptu-de-2014\/","title":{"rendered":"Apucaranenses ganham nova chance para quitar IPTU de 2014"},"content":{"rendered":"<\/p>\n<p><span style=\"letter-spacing: -0.02em; line-height: 1.45em; background-color: initial;\">Propriet\u00e1rios de im\u00f3veis em Apucarana que est\u00e3o com o Imposto Predial e Territorial Urbano (IPTU) em atraso, referente ao exerc\u00edcio fiscal de 2014, t\u00eam at\u00e9 o dia 31\/03 para aproveitarem uma nova chance de pagamento, antes que a d\u00edvida com o fisco municipal fique ainda maior com a chegada do imposto 2015, cujo lan\u00e7amento est\u00e1 previsto para o m\u00eas de maio. O boleto para quita\u00e7\u00e3o do valor devido, atualizado com juros e multas previstos em lei, foi reimpresso e est\u00e1 chegando nas resid\u00eancias dos cerca de 15,3 mil contribuintes inadimplentes.<br \/><\/span><span style=\"letter-spacing: -0.02em; line-height: 1.45em; background-color: initial;\">  <\/p>\n<p><b><u><\/u><\/b><\/p>\n<p><b><u>Click no link de \u00e1udio acima<\/u><\/b><\/p>\n<p>  O documento \u00e9 acompanhado de uma carta da prefeitura, onde a Secretaria da Fazenda relata as mais recentes conquistas do munic\u00edpio, destacando a cria\u00e7\u00e3o da Regi\u00e3o Metropolitana de Apucarana, e lembra que com os recursos do IPTU a administra\u00e7\u00e3o executa obras e servi\u00e7os p\u00fablicos. &ldquo;Nos \u00faltimos meses estamos mantendo diversas frentes de trabalho, asfalto novo, revitaliza\u00e7\u00e3o e conserva\u00e7\u00e3o das vias, pra\u00e7as, cemit\u00e9rio e cal\u00e7adas, al\u00e9m de significativos investimentos na sa\u00fade e na educa\u00e7\u00e3o. Por isto precisamos que todos os cidad\u00e3os estejam em dia com o pagamento de seus impostos. O dinheiro entra no caixa municipal e volta para o cidad\u00e3o, em forma de uma sociedade com servi\u00e7os p\u00fablicos mais abrangentes e de maior qualidade&rdquo;, relata o prefeito Beto Preto (PT).<br \/><\/span><span style=\"letter-spacing: -0.02em; line-height: 1.45em; background-color: initial;\"><br \/>A estimativa, segundo o secret\u00e1rio Marcello Augusto Machado, \u00e9 de que a prefeitura tem a receber, de recursos em atraso referentes a 2014, cerca de R$5,5 milh\u00f5es. Na carta que acompanha o boleto atualizado, o contribuinte encontra todas as orienta\u00e7\u00f5es para o pagamento, que poder\u00e1 ser feito, at\u00e9 o dia 31, nos bancos do Brasil e Caixa Econ&ocirc;mica Federal, ag\u00eancias do Correios, e ainda na rede de lot\u00e9ricas. &ldquo;Tomamos o cuidado de atualizar o valor devido para evitar que a pessoa tenha que vir at\u00e9 o pr\u00e9dio da prefeitura para recalcular. Esperamos que a oportunidade seja aproveitada por todos&rdquo;, disse Machado.<br \/><\/span><span style=\"letter-spacing: -0.02em; line-height: 1.45em; background-color: initial;\"><br \/>Em caso de d\u00favidas, o contribuinte deve ligar para a central de atendimento, de segunda a sexta-feira, das 12 \u00e0s 18 horas. &ldquo;Por for\u00e7a da lei de responsabilidade fiscal, todo final de ano a prefeitura \u00e9 obrigada a ajuizar d\u00e9bitos vencidos e isto, muitas vezes, faz com que as custas do processo fiquem mais caras que o pr\u00f3prio imposto devido, por isto este apelo, para que as pessoas compare\u00e7am para acertar. Nossa equipe est\u00e1 \u00e0 disposi\u00e7\u00e3o para negociar um parcelamento, se necess\u00e1rio. A pessoa ser\u00e1 sempre bem atendida&rdquo;, relata o secret\u00e1rio, lembrando que a administra\u00e7\u00e3o tem colocado em pr\u00e1tica uma s\u00e9rie de esfor\u00e7os no sentido de possibilitar a regulariza\u00e7\u00e3o fiscal do contribuinte junto ao tesouro municipal. &ldquo;Neste dia 31 tamb\u00e9m encerra o prazo para saldar d\u00edvidas municipais vencidas at\u00e9 2013, dentro do Refis. Balizado por lei aprovada pelos vereadores, o desconto com juros e multas pode chegar a 100%, dependendo a op\u00e7\u00e3o de pagamento feita pelo contribuinte&rdquo;, informa Machado. O plant\u00e3o do Refis, que tamb\u00e9m funciona nos s\u00e1bados e domingos em hor\u00e1rio especial, fica na Avenida Curitiba, Barra Funda, pr\u00f3ximo \u00e0 Padaria P\u00e3o Quente.<br \/><\/span><span style=\"letter-spacing: -0.02em; line-height: 1.45em; background-color: initial;\"><br \/><b>IPTU 2015 <\/b><\/span><span style=\"letter-spacing: -0.02em; line-height: 1.45em; background-color: initial;\">&ndash; Os carn\u00eas do IPTU 2015 devem come\u00e7ar a chegar nas casas dos contribuintes, com endere\u00e7o atualizado junto \u00e0 prefeitura, j\u00e1 no pr\u00f3ximo m\u00eas. Assim como no ano passado, est\u00e3o sendo emitidos cerca de 53 mil documentos. A data de vencimento e o valor do desconto para pagamento \u00e0 vista ainda est\u00e3o sendo definidos pela prefeitura. A novidade deste ano \u00e9 que o pagamento do imposto poder\u00e1 ser feita em toda a rede banc\u00e1ria. Mais informa\u00e7\u00f5es pelo telefone 3422-4000.<\/span><\/p><\/p>\n","protected":false},"excerpt":{"rendered":"<p>A estimativa, segundo o secret&aacute;rio Marcello Augusto Machado, &eacute; de que a prefeitura tem a receber, de recursos em atraso referentes a 2014, cerca de R$5,5 milh&otilde;es<\/p>\n","protected":false},"author":4,"featured_media":0,"comment_status":"closed","ping_status":"closed","sticky":false,"template":"","format":"standard","meta":{"footnotes":""},"categories":[24],"tags":[],"class_list":["post-2683","post","type-post","status-publish","format-standard","hentry","category-noticias"],"acf":[],"_links":{"self":[{"href":"http:\/\/www.apucarana.pr.gov.br\/site\/wp-json\/wp\/v2\/posts\/2683","targetHints":{"allow":["GET"]}}],"collection":[{"href":"http:\/\/www.apucarana.pr.gov.br\/site\/wp-json\/wp\/v2\/posts"}],"about":[{"href":"http:\/\/www.apucarana.pr.gov.br\/site\/wp-json\/wp\/v2\/types\/post"}],"author":[{"embeddable":true,"href":"http:\/\/www.apucarana.pr.gov.br\/site\/wp-json\/wp\/v2\/users\/4"}],"replies":[{"embeddable":true,"href":"http:\/\/www.apucarana.pr.gov.br\/site\/wp-json\/wp\/v2\/comments?post=2683"}],"version-history":[{"count":1,"href":"http:\/\/www.apucarana.pr.gov.br\/site\/wp-json\/wp\/v2\/posts\/2683\/revisions"}],"predecessor-version":[{"id":104196,"href":"http:\/\/www.apucarana.pr.gov.br\/site\/wp-json\/wp\/v2\/posts\/2683\/revisions\/104196"}],"wp:attachment":[{"href":"http:\/\/www.apucarana.pr.gov.br\/site\/wp-json\/wp\/v2\/media?parent=2683"}],"wp:term":[{"taxonomy":"category","embeddable":true,"href":"http:\/\/www.apucarana.pr.gov.br\/site\/wp-json\/wp\/v2\/categories?post=2683"},{"taxonomy":"post_tag","embeddable":true,"href":"http:\/\/www.apucarana.pr.gov.br\/site\/wp-json\/wp\/v2\/tags?post=2683"}],"curies":[{"name":"wp","href":"https:\/\/api.w.org\/{rel}","templated":true}]}}