{"id":2682,"date":"2015-03-23T14:19:00","date_gmt":"2015-03-23T14:19:00","guid":{"rendered":"http:\/\/172.16.0.7\/site-antigo\/?p=2682"},"modified":"2024-10-08T09:10:16","modified_gmt":"2024-10-08T12:10:16","slug":"desportistas-de-apucarana-agradecem-apoio-da-secretaria-de-esportes","status":"publish","type":"post","link":"http:\/\/www.apucarana.pr.gov.br\/site\/desportistas-de-apucarana-agradecem-apoio-da-secretaria-de-esportes\/","title":{"rendered":"Desportistas de Apucarana agradecem apoio da Secretaria de Esportes"},"content":{"rendered":"<p><p><span style=\"letter-spacing: -0.02em; line-height: 1.45em; background-color: initial;\">A pol\u00edtica de apoio ao esporte amador tem conquistado reconhecimento dos praticantes em Apucarana. Al\u00e9m da coordena\u00e7\u00e3o de escolinhas de base em diversas modalidades, promo\u00e7\u00e3o de atividades junto aos alunos da rede municipal, melhoria e conserva\u00e7\u00e3o das pra\u00e7as esportivas, bem como organiza\u00e7\u00e3o de torneios e campeonatos ao longo de todo o ano, a Secretaria Municipal de Esportes e Lazer tem contribu\u00eddo para com o deslocamento de v\u00e1rias equipes a competi\u00e7\u00f5es fora do munic\u00edpio.<br \/><\/span><span style=\"letter-spacing: -0.02em; line-height: 1.45em; background-color: initial;\"><br \/>&ldquo;Sabemos que em situa\u00e7\u00f5es como estas o transporte \u00e9 um grande problema, sobretudo para equipes numerosas, por isto sempre que poss\u00edvel, disponibilizamos este apoio&rdquo;, destaca o prefeito Beto Preto (PT). Segundo ele, muito mais do que t\u00edtulos, trof\u00e9us ou medalhas, &ldquo;a contrapartida que o munic\u00edpio recebe \u00e9 bastante valiosa&rdquo;. &ldquo;Chega atrav\u00e9s da dedica\u00e7\u00e3o destes dirigentes, t\u00e9cnicos e atletas em bem representar Apucarana. O esporte \u00e9 um caminho para a vida com mais sa\u00fade e a por isto a administra\u00e7\u00e3o municipal jamais vai se furtar de contribuir, dentro das suas possibilidades e limites legais&rdquo;, frisou o prefeito.<br \/><\/span><span style=\"letter-spacing: -0.02em; line-height: 1.45em; background-color: initial;\"><br \/>Na \u00faltima semana, dois desportistas que chefiam suas categorias manifestaram agradecimento pela forma como a atual administra\u00e7\u00e3o conduz o apoio ao esporte amador. O presidente do Drift Trike de Apucarana (DTA), Rodrigo Barbosa (Dime), conta que atualmente a equipe local \u00e9 composta por 10 pilotos divididos em categorias (Feminino, Infanto Juvenil (at\u00e9 17 anos), M\u00e1ster (acima de 35 anos), e PRO (at\u00e9 35 anos)), e enaltece o apoio municipal atrav\u00e9s do secret\u00e1rio Paulo Aparecido Kisner (Paul\u00e3o). &ldquo;Faz cerca de 3 anos que estamos praticando essa modalidade, com nossos pilotos j\u00e1 tendo conquistado v\u00e1rios trof\u00e9us. E este sucesso passa muito pelo apoio da prefeitura que, por interm\u00e9dio do Paul\u00e3o, por exemplo, disponibilizou um &ocirc;nibus para levar nossa equipe esse final de semana agora (28 e 29\/03), para a cidade de Rio Negro, onde ser\u00e1 disputada a 1&deg; Etapa do Brasileiro de Drift Trike&rdquo;, destacou Barbosa.<br \/><\/span><span style=\"letter-spacing: -0.02em; line-height: 1.45em; background-color: initial;\"><br \/>De acordo com ele, o destaque da equipe apucaranense \u00e9 sua esposa, Renata, atual campe\u00e3 paranaense da modalidade. Ainda com apoio da prefeitura, em outubro do ano passado Apucarana foi sede da terceira etapa do campeonato paranaense. O drift trike \u00e9 uma esp\u00e9cie de triciclo que pode atingir at\u00e9 70 km\/h. Origin\u00e1ria dos Estados Unidos, a modalidade est\u00e1 ganhando cada vez mais adeptos no Brasil.<br \/><\/span><span style=\"letter-spacing: -0.02em; line-height: 1.45em; background-color: initial;\"><br \/>Outro desportista que falou publicamente sobre a import&acirc;ncia do apoio concedido pela secretaria municipal foi o carateca Alan Pereira que, no in\u00edcio deste m\u00eas, em Curitiba, foi destaque com a equipe do Centro da Juventude da Prefeitura de Apucarana\/Academia Karat\u00ea Vida, na primeira fase do 43\u00ba Campeonato Paranaense de Karat\u00ea. Como resultado, foram cinco primeiros lugares e tr\u00eas segundos lugares. &ldquo;Quero agradecer o apoio que tivemos da Secretaria Municipal de Esportes e Lazer, na pessoa do prefeito e do secret\u00e1rio, que possibilitou nossa ida \u00e0 capital. O esporte est\u00e1 sendo conduzido com muito respeito em Apucarana&rdquo;, destacou Pereira.<\/span><\/p><\/p>\n","protected":false},"excerpt":{"rendered":"<p>Na &uacute;ltima semana, dois desportistas que chefiam suas categorias manifestaram agradecimento pela forma como a atual administra&ccedil;&atilde;o conduz o apoio ao esporte amador<\/p>\n","protected":false},"author":4,"featured_media":0,"comment_status":"closed","ping_status":"closed","sticky":false,"template":"","format":"standard","meta":{"footnotes":""},"categories":[24],"tags":[],"class_list":["post-2682","post","type-post","status-publish","format-standard","hentry","category-noticias"],"acf":[],"_links":{"self":[{"href":"http:\/\/www.apucarana.pr.gov.br\/site\/wp-json\/wp\/v2\/posts\/2682","targetHints":{"allow":["GET"]}}],"collection":[{"href":"http:\/\/www.apucarana.pr.gov.br\/site\/wp-json\/wp\/v2\/posts"}],"about":[{"href":"http:\/\/www.apucarana.pr.gov.br\/site\/wp-json\/wp\/v2\/types\/post"}],"author":[{"embeddable":true,"href":"http:\/\/www.apucarana.pr.gov.br\/site\/wp-json\/wp\/v2\/users\/4"}],"replies":[{"embeddable":true,"href":"http:\/\/www.apucarana.pr.gov.br\/site\/wp-json\/wp\/v2\/comments?post=2682"}],"version-history":[{"count":1,"href":"http:\/\/www.apucarana.pr.gov.br\/site\/wp-json\/wp\/v2\/posts\/2682\/revisions"}],"predecessor-version":[{"id":104197,"href":"http:\/\/www.apucarana.pr.gov.br\/site\/wp-json\/wp\/v2\/posts\/2682\/revisions\/104197"}],"wp:attachment":[{"href":"http:\/\/www.apucarana.pr.gov.br\/site\/wp-json\/wp\/v2\/media?parent=2682"}],"wp:term":[{"taxonomy":"category","embeddable":true,"href":"http:\/\/www.apucarana.pr.gov.br\/site\/wp-json\/wp\/v2\/categories?post=2682"},{"taxonomy":"post_tag","embeddable":true,"href":"http:\/\/www.apucarana.pr.gov.br\/site\/wp-json\/wp\/v2\/tags?post=2682"}],"curies":[{"name":"wp","href":"https:\/\/api.w.org\/{rel}","templated":true}]}}