{"id":2681,"date":"2015-03-23T12:22:59","date_gmt":"2015-03-23T12:22:59","guid":{"rendered":"http:\/\/172.16.0.7\/site-antigo\/?p=2681"},"modified":"2024-10-08T09:10:16","modified_gmt":"2024-10-08T12:10:16","slug":"apucarana-promove-festival-de-natacao-neste-sabado","status":"publish","type":"post","link":"http:\/\/www.apucarana.pr.gov.br\/site\/apucarana-promove-festival-de-natacao-neste-sabado\/","title":{"rendered":"Apucarana promove festival de nata\u00e7\u00e3o neste s\u00e1bado"},"content":{"rendered":"<p><span style=\"letter-spacing: -0.02em; line-height: 1.45em; background-color: initial;\">Com a participa\u00e7\u00e3o de cerca de 120 atletas, a piscina semiol\u00edmpica do Centro da Juventude Alex Mazaron vai sediar neste s\u00e1bado (28\/03), a partir das 14 horas, o 2\u00ba Festival de Nata\u00e7\u00e3o. A competi\u00e7\u00e3o reunir\u00e1 atletas com idades entre 8 e 18 anos, premiando com medalhas os primeiros colocados (1\u00ba ao 5\u00ba lugares).<\/span><\/p>\n<p>De acordo com Paulo Aparecido Kisner (Paul\u00e3o), secret\u00e1rio municipal de Esportes e Lazer, a competi\u00e7\u00e3o ter\u00e1 a participa\u00e7\u00e3o de alunos que frequentam as aulas no Centro da Juventude e contar\u00e1 ainda com atletas que treinam em locais como o Col\u00e9gio S\u00e3o Jos\u00e9 e o Country Club Apucarana. <\/p>\n<p>A inten\u00e7\u00e3o da prefeitura \u00e9 promover a nata\u00e7\u00e3o e estimular a pr\u00e1tica da modalidade, atrav\u00e9s da socializa\u00e7\u00e3o entre os participantes. &ldquo;O festival contar\u00e1 com provas de 25 metros e 50 metros nos quatro estilos: Crawl, Costas, Peito e Borboleta&rdquo;, cita Paul\u00e3o.<\/p>\n<p>O secret\u00e1rio municipal de esportes lembra que o Centro da Juventude oferece aulas di\u00e1rias de nata\u00e7\u00e3o no per\u00edodo da manh\u00e3, das 08h45 \u00e0s 11 horas, e \u00e0 tarde, das 13h30 \u00e0s 16 horas. &ldquo;S\u00e3o tr\u00eas turmas em cada per\u00edodo e as inscri\u00e7\u00f5es podem ser feitas no Centro da Juventude, localizado na Rua Piratininga, no Jardim Diamantina&rdquo;, refor\u00e7a Paul\u00e3o. Mais informa\u00e7\u00f5es pelos telefones 3422-5184 ou 3424-0629.<\/p>\n<p><\/p>\n","protected":false},"excerpt":{"rendered":"<p>Evento contar&aacute; com cerca de 120 atletas e acontece na piscina do Centro da Juventude<\/p>\n","protected":false},"author":4,"featured_media":0,"comment_status":"closed","ping_status":"closed","sticky":false,"template":"","format":"standard","meta":{"footnotes":""},"categories":[24],"tags":[],"class_list":["post-2681","post","type-post","status-publish","format-standard","hentry","category-noticias"],"acf":[],"_links":{"self":[{"href":"http:\/\/www.apucarana.pr.gov.br\/site\/wp-json\/wp\/v2\/posts\/2681","targetHints":{"allow":["GET"]}}],"collection":[{"href":"http:\/\/www.apucarana.pr.gov.br\/site\/wp-json\/wp\/v2\/posts"}],"about":[{"href":"http:\/\/www.apucarana.pr.gov.br\/site\/wp-json\/wp\/v2\/types\/post"}],"author":[{"embeddable":true,"href":"http:\/\/www.apucarana.pr.gov.br\/site\/wp-json\/wp\/v2\/users\/4"}],"replies":[{"embeddable":true,"href":"http:\/\/www.apucarana.pr.gov.br\/site\/wp-json\/wp\/v2\/comments?post=2681"}],"version-history":[{"count":1,"href":"http:\/\/www.apucarana.pr.gov.br\/site\/wp-json\/wp\/v2\/posts\/2681\/revisions"}],"predecessor-version":[{"id":104199,"href":"http:\/\/www.apucarana.pr.gov.br\/site\/wp-json\/wp\/v2\/posts\/2681\/revisions\/104199"}],"wp:attachment":[{"href":"http:\/\/www.apucarana.pr.gov.br\/site\/wp-json\/wp\/v2\/media?parent=2681"}],"wp:term":[{"taxonomy":"category","embeddable":true,"href":"http:\/\/www.apucarana.pr.gov.br\/site\/wp-json\/wp\/v2\/categories?post=2681"},{"taxonomy":"post_tag","embeddable":true,"href":"http:\/\/www.apucarana.pr.gov.br\/site\/wp-json\/wp\/v2\/tags?post=2681"}],"curies":[{"name":"wp","href":"https:\/\/api.w.org\/{rel}","templated":true}]}}