{"id":26807,"date":"2019-09-27T16:15:56","date_gmt":"2019-09-27T19:15:56","guid":{"rendered":"http:\/\/172.16.0.7\/site-antigo\/?p=26807"},"modified":"2024-10-08T09:19:52","modified_gmt":"2024-10-08T12:19:52","slug":"prefeito-e-homenageado-nos-51-anos-do-30o-bimec","status":"publish","type":"post","link":"http:\/\/www.apucarana.pr.gov.br\/site\/prefeito-e-homenageado-nos-51-anos-do-30o-bimec\/","title":{"rendered":"Prefeito \u00e9 homenageado nos 51 anos do 30\u00ba BIMec"},"content":{"rendered":"<p>O prefeito de Apucarana, Junior da Femac, foi uma das personalidades homenageadas na solenidade alusiva aos 51 anos do 30\u00ba Batalh\u00e3o de Infantaria Mecanizado (BIMec). Representando o Executivo, o prefeito e a secret\u00e1ria municipal de Esportes, Jossuela Pinheiro, foram agraciados com t\u00edtulo de \u201cAmigo do Batalh\u00e3o\u201d. A cerim\u00f4nia ocorreu nas depend\u00eancias do batalh\u00e3o e foi presidida pelo general de brigada, Roberth Alexandre Eickhoff.<br \/>\nO prefeito afirma que o 30\u00ba BIMec tem uma hist\u00f3ria de parceria e uma liga\u00e7\u00e3o afetiva com Apucarana. \u201cQuantas pessoas das nossas fam\u00edlias passaram aqui pela 30\u00ba BIMec. Temos diversos exemplos de pessoas que hoje s\u00e3o professores, empres\u00e1rios, profissionais liberais e pais de fam\u00edlia que aprenderam valores e conceitos que levam para toda a sua vida\u201d, frisa Junior da Femac.<br \/>\nO prefeito citou a participa\u00e7\u00e3o de militares na realiza\u00e7\u00e3o da Prova Pedestre 28 de Janeiro e em mobiliza\u00e7\u00f5es de combate \u00e0 dengue, entre outras parcerias. \u201cO 30\u00ba BIMec nos ajuda e nos tamb\u00e9m ajudamos esta organiza\u00e7\u00e3o militar, como aconteceu quando a nossa equipe de esportes colaborou no treinamento dos militares e que se sagraram campe\u00f5es dos jogos militares da 15\u00aa Brigada\u201d, reitera Junior da Femac.<br \/>\nO general Eickhoff, comandante da 15\u00aa Brigada de Infantaria Mecanizada, destaca a grande \u00e1rea de abrang\u00eancia da unidade do Ex\u00e9rcito sediada em Apucarana. \u201c\u00c9 um dos batalh\u00f5es que tem uma das maiores \u00e1reas de responsabilidade. Mesmo que n\u00e3o esteja situado exatamente sobre a faixa de fronteira, o 30\u00ba BIMec tamb\u00e9m atua no combate a il\u00edcitos transfronteiri\u00e7os e crimes ambientais, sem esquecer a sua miss\u00e3o principal que \u00e9 o preparo para a guerra e a defesa da integridade territorial\u201d, salienta o general.<br \/>\nO tenente-coronel Alexandre Colombo, comandante do 30\u00ba BIMec, destaca o trabalho de forma\u00e7\u00e3o dos jovens que ingressam na corpora\u00e7\u00e3o e tamb\u00e9m a participa\u00e7\u00e3o em miss\u00f5es nacionais e internacionais. \u201cTodos os anos recebemos recrutas, entre os quais est\u00e3o cidad\u00e3os de Apucarana, que s\u00e3o devolvidos para a cidade formados com valores \u00e9ticos aprimorados. Embora sejamos um batalh\u00e3o jovem, com apenas 51 anos, j\u00e1 temos uma hist\u00f3ria de realiza\u00e7\u00f5es como na miss\u00e3o de paz no Haiti e atuando na pacifica\u00e7\u00e3o dos complexos do Alem\u00e3o, da Mar\u00e9 e da Penha, no Rio de Janeiro\u201d, exemplifica Colombo.<br \/>\nHIST\u00d3RICO \u2013 Localizado na BR-376, na sa\u00edda para Curitiba, o 30\u00ba BIMEC teve sua origem em 9 de setembro de 1965, quando a 4\u00aa Companhia do 13\u00ba Regimento de Infantaria, de Ponta Grossa, foi destacada para Apucarana por ser um importante ponto estrat\u00e9gico e estar situado em entroncamento rodoferrovi\u00e1rio, na regi\u00e3o Norte do Paran\u00e1.<br \/>\nEm 30 de setembro de 1968, data em que \u00e9 comemorado o anivers\u00e1rio do 30\u00ba BIMec, passou a ser denominada 4\u00aa Companhia de Infantaria, sendo subordinada \u00e0 Infantaria Division\u00e1ria da 5\u00aa Divis\u00e3o de Ex\u00e9rcito, em Curitiba, funcionando a partir de ent\u00e3o, com autonomia administrativa.<br \/>\nAs instala\u00e7\u00f5es da antiga Esta\u00e7\u00e3o de Ferro Central do Paran\u00e1 foram utilizadas como sede provis\u00f3ria do aquartelamento at\u00e9 a constru\u00e7\u00e3o dos novos pr\u00e9dios, situados atualmente na BR-376. O quartel atual foi inaugurado em 15 de setembro de 1970. No ano seguinte, a 4\u00aa Companhia de Infantaria foi transformada em 30\u00aa Batalh\u00e3o de Infantaria Motorizado e sua subordina\u00e7\u00e3o foi transferida para o comando da 15\u00aa Brigada, em Cascavel.<br \/>\nEm 2013, a unidade militar passou a se chamar 30\u00ba Batalh\u00e3o de Infantaria Mecanizado, ap\u00f3s a transforma\u00e7\u00e3o da unidade em infantaria mecanizada, quando passou a receber diversos novos equipamentos, como o ve\u00edculo blindado guarani.<\/p>\n","protected":false},"excerpt":{"rendered":"<p>Representando o Executivo, o prefeito e a secret\u00e1ria municipal de Esportes, Jossuela Pinheiro, foram agraciados com t\u00edtulo de \u201cAmigo do Batalh\u00e3o\u201d (Foto: PMA)<\/p>\n","protected":false},"author":4,"featured_media":26811,"comment_status":"closed","ping_status":"open","sticky":false,"template":"","format":"standard","meta":{"footnotes":""},"categories":[24],"tags":[],"class_list":["post-26807","post","type-post","status-publish","format-standard","has-post-thumbnail","hentry","category-noticias"],"acf":[],"_links":{"self":[{"href":"http:\/\/www.apucarana.pr.gov.br\/site\/wp-json\/wp\/v2\/posts\/26807","targetHints":{"allow":["GET"]}}],"collection":[{"href":"http:\/\/www.apucarana.pr.gov.br\/site\/wp-json\/wp\/v2\/posts"}],"about":[{"href":"http:\/\/www.apucarana.pr.gov.br\/site\/wp-json\/wp\/v2\/types\/post"}],"author":[{"embeddable":true,"href":"http:\/\/www.apucarana.pr.gov.br\/site\/wp-json\/wp\/v2\/users\/4"}],"replies":[{"embeddable":true,"href":"http:\/\/www.apucarana.pr.gov.br\/site\/wp-json\/wp\/v2\/comments?post=26807"}],"version-history":[{"count":1,"href":"http:\/\/www.apucarana.pr.gov.br\/site\/wp-json\/wp\/v2\/posts\/26807\/revisions"}],"predecessor-version":[{"id":100118,"href":"http:\/\/www.apucarana.pr.gov.br\/site\/wp-json\/wp\/v2\/posts\/26807\/revisions\/100118"}],"wp:featuredmedia":[{"embeddable":true,"href":"http:\/\/www.apucarana.pr.gov.br\/site\/wp-json\/"}],"wp:attachment":[{"href":"http:\/\/www.apucarana.pr.gov.br\/site\/wp-json\/wp\/v2\/media?parent=26807"}],"wp:term":[{"taxonomy":"category","embeddable":true,"href":"http:\/\/www.apucarana.pr.gov.br\/site\/wp-json\/wp\/v2\/categories?post=26807"},{"taxonomy":"post_tag","embeddable":true,"href":"http:\/\/www.apucarana.pr.gov.br\/site\/wp-json\/wp\/v2\/tags?post=26807"}],"curies":[{"name":"wp","href":"https:\/\/api.w.org\/{rel}","templated":true}]}}