{"id":2680,"date":"2015-03-23T11:17:59","date_gmt":"2015-03-23T11:17:59","guid":{"rendered":"http:\/\/172.16.0.7\/site-antigo\/?p=2680"},"modified":"2024-10-08T09:10:16","modified_gmt":"2024-10-08T12:10:16","slug":"cras-da-vila-regina-encerra-curso-de-confeccao-de-ovos-de-pascoa","status":"publish","type":"post","link":"http:\/\/www.apucarana.pr.gov.br\/site\/cras-da-vila-regina-encerra-curso-de-confeccao-de-ovos-de-pascoa\/","title":{"rendered":"CRAS da Vila Regina encerra curso de confec\u00e7\u00e3o de ovos de P\u00e1scoa"},"content":{"rendered":"<p><p>Depois de 21 horas de aula, foi encerrado neste final de semana o Curso de Confec\u00e7\u00e3o de Ovos de P\u00e1scoa, promovido pelo Centro de Refer\u00eancia da Assist\u00eancia Social (CRAS) Padre Dominique, localizado na Vila Regina. Para marcar o t\u00e9rmino do curso, cada participante p&ocirc;de levar para casa um ovo deP\u00e1scoa que foi confeccionado pelo pr\u00f3priogrupo durante a semana.<\/p>\n<p>Conforme Paulo Augusto, que coordenou a atividade, as participantes aprenderam a manipular o chocolate, confeccionando bombons e v\u00e1rios tipos de ovos de P\u00e1scoa. <span>Um dos objetivos desta a\u00e7\u00e3o, al\u00e9m de ensinar a comunidade a aprender trabalhar com o chocolate, \u00e9 tamb\u00e9m desenvolver a intera\u00e7\u00e3o das participantes, contribuindo para a conviv\u00eancia e o fortalecimento da comunidade.<\/span><\/p>\n<p>O curso foi realizado no per\u00edodo de 16 a 20 de mar\u00e7o na cozinha da Par\u00f3quia Nossa Senhora do Ros\u00e1rio de F\u00e1tima , situada no N\u00facleo Habitacional Jo\u00e3o Paulo. &ldquo;CRAS, atrav\u00e9s da Secretaria Municipal de Assist\u00eancia Social, agradece a Par\u00f3quia na pessoa do Padre Lino por ceder o espa\u00e7o para a realiza\u00e7\u00e3o do curso e tamb\u00e9m por contribuir nadivulga\u00e7\u00e3odo evento&rdquo;, refor\u00e7a Paulo Augusto. <\/p>\n<p><\/p>\n","protected":false},"excerpt":{"rendered":"<p>Cada participante p&ocirc;de levar para casa um ovo de P&aacute;scoa que foi confeccionado durante o curso<\/p>\n","protected":false},"author":4,"featured_media":0,"comment_status":"closed","ping_status":"closed","sticky":false,"template":"","format":"standard","meta":{"footnotes":""},"categories":[24],"tags":[],"class_list":["post-2680","post","type-post","status-publish","format-standard","hentry","category-noticias"],"acf":[],"_links":{"self":[{"href":"http:\/\/www.apucarana.pr.gov.br\/site\/wp-json\/wp\/v2\/posts\/2680","targetHints":{"allow":["GET"]}}],"collection":[{"href":"http:\/\/www.apucarana.pr.gov.br\/site\/wp-json\/wp\/v2\/posts"}],"about":[{"href":"http:\/\/www.apucarana.pr.gov.br\/site\/wp-json\/wp\/v2\/types\/post"}],"author":[{"embeddable":true,"href":"http:\/\/www.apucarana.pr.gov.br\/site\/wp-json\/wp\/v2\/users\/4"}],"replies":[{"embeddable":true,"href":"http:\/\/www.apucarana.pr.gov.br\/site\/wp-json\/wp\/v2\/comments?post=2680"}],"version-history":[{"count":1,"href":"http:\/\/www.apucarana.pr.gov.br\/site\/wp-json\/wp\/v2\/posts\/2680\/revisions"}],"predecessor-version":[{"id":104200,"href":"http:\/\/www.apucarana.pr.gov.br\/site\/wp-json\/wp\/v2\/posts\/2680\/revisions\/104200"}],"wp:attachment":[{"href":"http:\/\/www.apucarana.pr.gov.br\/site\/wp-json\/wp\/v2\/media?parent=2680"}],"wp:term":[{"taxonomy":"category","embeddable":true,"href":"http:\/\/www.apucarana.pr.gov.br\/site\/wp-json\/wp\/v2\/categories?post=2680"},{"taxonomy":"post_tag","embeddable":true,"href":"http:\/\/www.apucarana.pr.gov.br\/site\/wp-json\/wp\/v2\/tags?post=2680"}],"curies":[{"name":"wp","href":"https:\/\/api.w.org\/{rel}","templated":true}]}}