{"id":26799,"date":"2019-09-27T15:52:12","date_gmt":"2019-09-27T18:52:12","guid":{"rendered":"http:\/\/172.16.0.7\/site-antigo\/?p=26799"},"modified":"2024-10-08T09:19:52","modified_gmt":"2024-10-08T12:19:52","slug":"encontro-de-valorizacao-da-cultura-surda-reune-professores-e-alunos-da-rede-municipal-de-apucarana","status":"publish","type":"post","link":"http:\/\/www.apucarana.pr.gov.br\/site\/encontro-de-valorizacao-da-cultura-surda-reune-professores-e-alunos-da-rede-municipal-de-apucarana\/","title":{"rendered":"Encontro de valoriza\u00e7\u00e3o da cultura surda re\u00fane professores e alunos da rede municipal de Apucarana"},"content":{"rendered":"<p>O Dia Nacional do Surdo \u00e9 comemorado anualmente em 26 de setembro. Em alus\u00e3o \u00e0 data, a Autarquia Municipal de Educa\u00e7\u00e3o realizou, ontem, no Polo UAB, um encontro entre professores e alunos surdos, al\u00e9m dos seus familiares. O evento contou com apresenta\u00e7\u00f5es na L\u00edngua Brasileira de Sinais (Libras) e cumpriu o objetivo de valorizar a cultura dessa comunidade.<br \/>\nAtualmente, doze alunos surdos encontram-se matriculados na rede municipal de ensino. O Centro de Apoio Multiprofissional ao Escolar (CAME), \u00f3rg\u00e3o ligado \u00e0 Autarquia Municipal de Educa\u00e7\u00e3o, \u00e9 respons\u00e1vel por garantir a eles o atendimento especializado que necessitam no processo de ensino-aprendizagem.<br \/>\n\u201cEm Apucarana, as crian\u00e7as surdas t\u00eam o acompanhamento de int\u00e9rpretes nas classes regulares e frequentam uma sala de recursos multifuncionais surdez no contra turno, onde assistem a aulas de l\u00edngua portuguesa e Libras,\u201d explica a coordenadora do CAME, L\u00e9ia Sofia Viale.<br \/>\n\u201cPara promover a inclus\u00e3o, n\u00f3s tamb\u00e9m desenvolvemos um projeto h\u00e1 v\u00e1rios anos que estende o ensino de Libras para os alunos ouvintes, nas escolas em que temos surdos matriculados. Pois, a comunica\u00e7\u00e3o e a intera\u00e7\u00e3o s\u00f3 ocorrem de fato quando todos dominam os sinais,\u201d acrescenta a professora da sala de recursos multifuncionais surdez, da Escola Jo\u00e3o Ant\u00f4nio Braga C\u00f4rtes, S\u00edlvia Dorot\u00e9ia Colombo.<br \/>\nA secret\u00e1ria municipal de educa\u00e7\u00e3o, Marli Fernandes, ressalta que ter acesso e permanecer no ensino regular \u00e9 direito das pessoas com defici\u00eancia. \u201cNa gest\u00e3o Beto Preto e Junior da Femac, o compromisso \u00e9 com a aprendizagem de cada um, com o pleno desenvolvimento do potencial humano,\u201d disse.<br \/>\nEm 2019, o polo apucaranense da Universidade Aberta do Brasil tamb\u00e9m abriu um curso b\u00e1sico de Libras para 30 professores da rede municipal de ensino. \u201cA forma\u00e7\u00e3o foi viabilizada gra\u00e7as a uma parceria com a Unioeste \u2013 Universidade Estadual do Oeste do Paran\u00e1. Nas aulas, presenciais e a dist\u00e2ncia, os participantes aprendem sobre os fundamentos e legisla\u00e7\u00f5es, o alfabeto manual, a datilologia, a express\u00e3o corporal e facial e a gram\u00e1tica da l\u00edngua de sinais,\u201d complementa a coordenadora do Polo UAB, Sueli Gomes R\u00eais Gon\u00e7alves.<\/p>\n","protected":false},"excerpt":{"rendered":"<p>A confraterniza\u00e7\u00e3o foi realizada ontem (26) no Polo UAB e destacou a import\u00e2ncia do ensino da L\u00edngua Brasileira de Sinais<\/p>\n","protected":false},"author":4,"featured_media":26804,"comment_status":"closed","ping_status":"open","sticky":false,"template":"","format":"standard","meta":{"footnotes":""},"categories":[24],"tags":[],"class_list":["post-26799","post","type-post","status-publish","format-standard","has-post-thumbnail","hentry","category-noticias"],"acf":[],"_links":{"self":[{"href":"http:\/\/www.apucarana.pr.gov.br\/site\/wp-json\/wp\/v2\/posts\/26799","targetHints":{"allow":["GET"]}}],"collection":[{"href":"http:\/\/www.apucarana.pr.gov.br\/site\/wp-json\/wp\/v2\/posts"}],"about":[{"href":"http:\/\/www.apucarana.pr.gov.br\/site\/wp-json\/wp\/v2\/types\/post"}],"author":[{"embeddable":true,"href":"http:\/\/www.apucarana.pr.gov.br\/site\/wp-json\/wp\/v2\/users\/4"}],"replies":[{"embeddable":true,"href":"http:\/\/www.apucarana.pr.gov.br\/site\/wp-json\/wp\/v2\/comments?post=26799"}],"version-history":[{"count":1,"href":"http:\/\/www.apucarana.pr.gov.br\/site\/wp-json\/wp\/v2\/posts\/26799\/revisions"}],"predecessor-version":[{"id":100119,"href":"http:\/\/www.apucarana.pr.gov.br\/site\/wp-json\/wp\/v2\/posts\/26799\/revisions\/100119"}],"wp:featuredmedia":[{"embeddable":true,"href":"http:\/\/www.apucarana.pr.gov.br\/site\/wp-json\/"}],"wp:attachment":[{"href":"http:\/\/www.apucarana.pr.gov.br\/site\/wp-json\/wp\/v2\/media?parent=26799"}],"wp:term":[{"taxonomy":"category","embeddable":true,"href":"http:\/\/www.apucarana.pr.gov.br\/site\/wp-json\/wp\/v2\/categories?post=26799"},{"taxonomy":"post_tag","embeddable":true,"href":"http:\/\/www.apucarana.pr.gov.br\/site\/wp-json\/wp\/v2\/tags?post=26799"}],"curies":[{"name":"wp","href":"https:\/\/api.w.org\/{rel}","templated":true}]}}