{"id":2679,"date":"2015-03-20T18:24:00","date_gmt":"2015-03-20T18:24:00","guid":{"rendered":"http:\/\/172.16.0.7\/site-antigo\/?p=2679"},"modified":"2024-10-08T09:10:16","modified_gmt":"2024-10-08T12:10:16","slug":"apucarana-ganha-curso-de-engenharia-civil","status":"publish","type":"post","link":"http:\/\/www.apucarana.pr.gov.br\/site\/apucarana-ganha-curso-de-engenharia-civil\/","title":{"rendered":"Apucarana ganha curso de Engenharia Civil"},"content":{"rendered":"<p><p><span style=\"letter-spacing: -0.02em; line-height: 1.45em; background-color: initial;\">A aula inaugural do curso de Engenharia Civil, ministrada nesta sexta-feira (20), pelo professor Luiz Capraro (CREA-PR), para a primeira turma de 44 acad\u00eamicos da Universidade Tecnol\u00f3gica Federal do Paran\u00e1 (Campus Apucarana), foi considerada hist\u00f3rica para o ensino superior de Apucarana.<\/span><\/p>\n<p>A institui\u00e7\u00e3o que j\u00e1 ofertava os cursos de Engenharia T\u00eaxtil e Engenharia Qu\u00edmica, a partir de agora abre vagas tamb\u00e9m para Engenharia Civil. E, nos pr\u00f3ximos meses, tamb\u00e9m ser\u00e3o abertos os cursos de Engenharia El\u00e9trica e Engenharia da Computa\u00e7\u00e3o.<\/p>\n<p>O evento realizado no audit\u00f3rio da UTFPR foi prestigiado pelo vice-reitor da institui\u00e7\u00e3o no Paran\u00e1, professor Luiz Alberto Pilatti; deputado federal Alex Canziani; prefeito Beto Preto; vice-prefeito Sebasti\u00e3o Ferreira Martins Junior; pr\u00f3-reitor de gradua\u00e7\u00e3o, Maur\u00edcio Mendes; e o diretor do Campus Apucarana, Aloysio Gomes de Souza Filho.<\/p>\n<p>Tamb\u00e9m participaram empres\u00e1rios da constru\u00e7\u00e3o civil, representantes da Associa\u00e7\u00e3o Comercial, Industrial e de Servi\u00e7os de Apucarana (ACIA), da Associa\u00e7\u00e3o de Engenheiros de Apucarana (AEA), Sindicato das Ind\u00fastrias de Vestu\u00e1rio de Apucarana e vale do Iva\u00ed (Sivale), do Conselho Regional de Engenharia (CREA-PR).<\/p>\n<p>Durante a aula inaugural o diretor da UTFPR, Professor Aloysio revelou que em 2014 o Campus Apucarana teve um or\u00e7amento de R$ 9,3 milh\u00f5es, com investimentos de R$ 7,7 milh\u00f5es, sendo R$ 1,7 milh\u00e3o em equipamentos e R$ 5,9 milh\u00f5es em obras, o que est\u00e1 viabilizando uma amplia\u00e7\u00e3o de quase 5 mil metros quadrados.<\/p>\n<p>&ldquo;Ampliamos nossa \u00e1rea de 11 mil m2, para 127 mil m2 e o nosso quadro de servidores hoje \u00e9 de mais de 180 profissionais&rdquo;, informou o diretor, acrescentando que &ldquo;a institui\u00e7\u00e3o tem recebido alunos de todo o Brasil e at\u00e9 de outros pa\u00edses&rdquo;. Aloysio destacou ainda que o campus Apucarana est\u00e1 enviando alunos para a Alemanha, Estados Unidos, Inglaterra, Fran\u00e7a e Portugal, por meio do Ci\u00eancia Sem Fronteiras. &ldquo;Estamos ampliando as a\u00e7\u00f5es de ensino, pesquisa, p\u00f3s-gradua\u00e7\u00e3o e extens\u00e3o&rdquo;, enalteceu.<\/p>\n<p>Com rela\u00e7\u00e3o \u00e0 conquista dos novos cursos na \u00e1rea de engenharia, o diretor fez quest\u00e3o de lembrar que a conquista come\u00e7ou com a Agenda Parlamentar do Crea. &ldquo;Tivemos o importante apoio da Associa\u00e7\u00e3o de Engenheiros de Apucarana, do prefeito Beto Preto, da C&acirc;mara de Vereadores, da ACIA, FIEP, e do deputado federal Alex Canziani.<\/p>\n<p>O prefeito Beto Preto avaliou que os novos cursos na \u00e1rea de engenharia ter\u00e3o reflexos positivos na economia e no desenvolvimento de Apucarana e regi\u00e3o. &ldquo;Esse \u00e9 um momento hist\u00f3rico para Apucarana e devemos prestar agradecimentos a todas as entidades de classe que encamparam essa luta, destacando a Acia, CREA e Associa\u00e7\u00e3o dos Engenheiros, al\u00e9m das for\u00e7as pol\u00edticas&rdquo;, discursou o prefeito, lembrando o empenho dos ex-deputados Andr\u00e9 Vargas e Rodrigo Rocha Loures, do deputado Alex Canziani e da Senadora Gleisi Hoffman.<\/p>\n<p>&ldquo;Temos muito orgulho de ter recebido do Governo Federal uma institui\u00e7\u00e3o de tamanha envergadura&rdquo;, concluiu Beto Preto.<\/p>\n<p>O vice-prefeito e engenheiro civil, Junior da Femac, disse que esse momento foi sonhado h\u00e1 40 anos. &ldquo;A uni\u00e3o de muitas for\u00e7as mostrou resultados positivos; foi uma luta que valeu a pena, juntando as lideran\u00e7as da Acia, Crea, Sivale, Associa\u00e7\u00e3o de engenheiros, prefeitura e for\u00e7as pol\u00edticas&rdquo;, comemorou. <\/p>\n<p>O deputado Alex Canziani lembrou o come\u00e7ou do projeto com o Centro Moda, destacando o trabalho de lideran\u00e7as da Acia como os empres\u00e1rios Ricardo Amaral e Maria Isabel Lopes. &ldquo;Hoje temos estruturado e em crescimento um maravilhoso campus da UTFPR, recebendo novos cursos e abrindo novas perspectivas para Apucarana e regi\u00e3o&rdquo;, assinalou Canziani.<\/p>\n<p>O vice-reitor Luiz Alberto Pilatti disse que a UTFPR \u00e9 hoje uma institui\u00e7\u00e3o diferenciada pelos seus avan\u00e7os e resultados. &ldquo;A UTFPR j\u00e1 \u00e9 a segunda melhor do ranking de gradua\u00e7\u00e3o no Paran\u00e1, perdendo apenas para a UEL e a 25\u00aa no pa\u00eds. &ldquo;Devemos reconhecer a compet\u00eancia do diretor do Campus Apucarana, professor Aloysio, pelos resultados alcan\u00e7ados e destacar que essas engenharias ir\u00e3o mudar a hist\u00f3ria de Apucarana, acelerando o seu desenvolvimento&rdquo;, enfatizou Pilatti.<\/p>\n<p><\/p>\n","protected":false},"excerpt":{"rendered":"<p>Com cinco op&ccedil;&otilde;es na &aacute;rea de engenharia, Apucarana vislumbra novas perspectivas de desenvolvimento<\/p>\n","protected":false},"author":4,"featured_media":0,"comment_status":"closed","ping_status":"closed","sticky":false,"template":"","format":"standard","meta":{"footnotes":""},"categories":[24],"tags":[],"class_list":["post-2679","post","type-post","status-publish","format-standard","hentry","category-noticias"],"acf":[],"_links":{"self":[{"href":"http:\/\/www.apucarana.pr.gov.br\/site\/wp-json\/wp\/v2\/posts\/2679","targetHints":{"allow":["GET"]}}],"collection":[{"href":"http:\/\/www.apucarana.pr.gov.br\/site\/wp-json\/wp\/v2\/posts"}],"about":[{"href":"http:\/\/www.apucarana.pr.gov.br\/site\/wp-json\/wp\/v2\/types\/post"}],"author":[{"embeddable":true,"href":"http:\/\/www.apucarana.pr.gov.br\/site\/wp-json\/wp\/v2\/users\/4"}],"replies":[{"embeddable":true,"href":"http:\/\/www.apucarana.pr.gov.br\/site\/wp-json\/wp\/v2\/comments?post=2679"}],"version-history":[{"count":1,"href":"http:\/\/www.apucarana.pr.gov.br\/site\/wp-json\/wp\/v2\/posts\/2679\/revisions"}],"predecessor-version":[{"id":104201,"href":"http:\/\/www.apucarana.pr.gov.br\/site\/wp-json\/wp\/v2\/posts\/2679\/revisions\/104201"}],"wp:attachment":[{"href":"http:\/\/www.apucarana.pr.gov.br\/site\/wp-json\/wp\/v2\/media?parent=2679"}],"wp:term":[{"taxonomy":"category","embeddable":true,"href":"http:\/\/www.apucarana.pr.gov.br\/site\/wp-json\/wp\/v2\/categories?post=2679"},{"taxonomy":"post_tag","embeddable":true,"href":"http:\/\/www.apucarana.pr.gov.br\/site\/wp-json\/wp\/v2\/tags?post=2679"}],"curies":[{"name":"wp","href":"https:\/\/api.w.org\/{rel}","templated":true}]}}