{"id":26789,"date":"2019-09-27T10:33:20","date_gmt":"2019-09-27T13:33:20","guid":{"rendered":"http:\/\/172.16.0.7\/site-antigo\/?p=26789"},"modified":"2024-10-08T09:19:52","modified_gmt":"2024-10-08T12:19:52","slug":"forum-estadual-de-mulheres-se-reune-em-apucarana","status":"publish","type":"post","link":"http:\/\/www.apucarana.pr.gov.br\/site\/forum-estadual-de-mulheres-se-reune-em-apucarana\/","title":{"rendered":"F\u00f3rum estadual de mulheres se re\u00fane em Apucarana"},"content":{"rendered":"<p style=\"font-weight: 400\">As secret\u00e1rias municipais de pol\u00edticas p\u00fablicas para as mulheres de Londrina, Maring\u00e1, Mangueirinha e Guarapuava estiveram em Apucarana nesta quinta-feira (26\/9), em reuni\u00e3o com a secret\u00e1ria da Mulher e Assuntos da Fam\u00edlia, Denise Canesin. Ao lado das gestoras de outros seis munic\u00edpios do Estado (Curitiba, Fazenda Rio Grande, Campina Grande do Sul, Pitanga e Toledo), elas juntaram h\u00e1 um ano as suas compet\u00eancias e experi\u00eancias, e formaram o F\u00f3rum de Gestoras Municipais de Pol\u00edticas para as Mulheres do Paran\u00e1.<\/p>\n<p style=\"font-weight: 400\">Somente estes dez munic\u00edpios, entre as 399 do Estado, t\u00eam organismos executivos de pol\u00edticas p\u00fablicas para mulheres. De acordo com o Instituto Brasileiro de Geografia e Estat\u00edstica (IBGE), apenas 19,9% das cidades brasileiras disp\u00f5em de representa\u00e7\u00e3o executiva \u2013 embora o Brasil seja o quinto pa\u00eds com maior n\u00famero de feminic\u00eddios no mundo. O \u00edndice cai para 12,8% se o crit\u00e9rio for o de secretarias exclusivas para a prote\u00e7\u00e3o \u00e0 mulher, como \u00e9 o caso de Apucarana e dos demais integrantes do F\u00f3rum. O IBGE revela ainda que apenas 20 munic\u00edpios paranaenses t\u00eam delegacias da Mulher, o que representa 5% das cidades.<\/p>\n<p style=\"font-weight: 400\">As gestoras planejam a\u00e7\u00f5es articuladas para a campanha \u201c16 Dias de Ativismo pelo Fim da Viol\u00eancia Contra as Mulheres\u201d \u2013 prevista para o per\u00edodo de 20\/11 a 10\/12 -, a fim de atrair mais visibilidade. Um dos temas a ser tratado na campanha deste ano ser\u00e1 a masculinidade t\u00f3xica. Elas tamb\u00e9m agendaram um encontro estadual, em Londrina, nos dias 7 e 8 de novembro, no qual participar\u00e3o 26 munic\u00edpios que mant\u00eam centros de refer\u00eancia de atendimento \u00e0 mulher (CRAMs) e casas abrigo. O encontro ser\u00e1 uma capacita\u00e7\u00e3o para as equipes de trabalho.<\/p>\n<p style=\"font-weight: 400\"><strong>Uni\u00e3o\u00a0<\/strong>\u201cNosso papel \u00e9 gerir pol\u00edticas p\u00fablicas e buscar recursos\u201d, disse a coordenadora do F\u00f3rum, Priscila Schran de Lima, secret\u00e1ria de Pol\u00edticas P\u00fablicas para Mulheres de Guarapuava. \u201cAtuamos para o fortalecimento das pol\u00edticas estadual e nacional de defesa dos direitos da mulher. Juntas, conseguimos fazer uma base forte para que possamos conquistar avan\u00e7os nas inst\u00e2ncias maiores.\u201d<\/p>\n<p style=\"font-weight: 400\">Participaram da reuni\u00e3o as secret\u00e1rias da Mulher de Londrina, N\u00e1dia Oliveira de Moura, de Maring\u00e1, Claudia Palomares, de Mangueirinha, Rosane Maria PicoloDorimi, e de Guarapuava.<\/p>\n<p style=\"font-weight: 400\"><strong>Hist\u00f3ria\u00a0<\/strong>As gestoras municipais, o vice-prefeito de Mangueirinha, Leandro Dorimi, e a coordenadora do Escrit\u00f3rio Regional da secretaria Estadual da Justi\u00e7a, Fam\u00edlia e Trabalho, Juliana Eliza, foram recebidos pelo prefeito J\u00fanior da Femac. Ele destacou a import\u00e2ncia da mulher na economia de Apucarana. \u201cOs sindicatos laboral e patronal de confec\u00e7\u00e3o de Apucarana s\u00e3o presididos por mulheres, prova do protagonismo feminino em nossa cidade, que produz 25% de todas as roupas feitas no Estado\u201d, disse. E profetizou: \u201cVoc\u00eas s\u00e3o candidatas a entrar para a hist\u00f3ria como o grupo que colocou a mulher em destaque nas pol\u00edticas p\u00fablicas do Paran\u00e1.\u201d<\/p>\n<p style=\"font-weight: 400\">A secret\u00e1ria Denise Canesin, vice-coordenadora do F\u00f3rum, levou o grupo para conhecer o Centro de Oficinas da Mulher, o Espa\u00e7o Empreender, da Economia Solid\u00e1ria e Protagonismo Feminino, e o Centro de Atendimento \u00e0 Mulher (CAM). \u201cNossa reuni\u00e3o foi uma troca de experi\u00eancias muito produtiva. Articulamos cronogramas e a\u00e7\u00f5es de combate \u00e0 viol\u00eancia dom\u00e9stica e \u00e0 viola\u00e7\u00e3o dos direitos das mulheres, quest\u00f5es focais do grupo.\u201d<\/p>\n","protected":false},"excerpt":{"rendered":"<p>Gestoras municipais de pol\u00edticas p\u00fablicas discutem pautas comuns na defesa de direitos e no combate \u00e0 viol\u00eancia (Fotos: PMA e divulga\u00e7\u00e3o)<\/p>\n","protected":false},"author":4,"featured_media":26790,"comment_status":"closed","ping_status":"open","sticky":false,"template":"","format":"standard","meta":{"footnotes":""},"categories":[24],"tags":[],"class_list":["post-26789","post","type-post","status-publish","format-standard","has-post-thumbnail","hentry","category-noticias"],"acf":[],"_links":{"self":[{"href":"http:\/\/www.apucarana.pr.gov.br\/site\/wp-json\/wp\/v2\/posts\/26789","targetHints":{"allow":["GET"]}}],"collection":[{"href":"http:\/\/www.apucarana.pr.gov.br\/site\/wp-json\/wp\/v2\/posts"}],"about":[{"href":"http:\/\/www.apucarana.pr.gov.br\/site\/wp-json\/wp\/v2\/types\/post"}],"author":[{"embeddable":true,"href":"http:\/\/www.apucarana.pr.gov.br\/site\/wp-json\/wp\/v2\/users\/4"}],"replies":[{"embeddable":true,"href":"http:\/\/www.apucarana.pr.gov.br\/site\/wp-json\/wp\/v2\/comments?post=26789"}],"version-history":[{"count":1,"href":"http:\/\/www.apucarana.pr.gov.br\/site\/wp-json\/wp\/v2\/posts\/26789\/revisions"}],"predecessor-version":[{"id":100120,"href":"http:\/\/www.apucarana.pr.gov.br\/site\/wp-json\/wp\/v2\/posts\/26789\/revisions\/100120"}],"wp:featuredmedia":[{"embeddable":true,"href":"http:\/\/www.apucarana.pr.gov.br\/site\/wp-json\/"}],"wp:attachment":[{"href":"http:\/\/www.apucarana.pr.gov.br\/site\/wp-json\/wp\/v2\/media?parent=26789"}],"wp:term":[{"taxonomy":"category","embeddable":true,"href":"http:\/\/www.apucarana.pr.gov.br\/site\/wp-json\/wp\/v2\/categories?post=26789"},{"taxonomy":"post_tag","embeddable":true,"href":"http:\/\/www.apucarana.pr.gov.br\/site\/wp-json\/wp\/v2\/tags?post=26789"}],"curies":[{"name":"wp","href":"https:\/\/api.w.org\/{rel}","templated":true}]}}