{"id":26784,"date":"2019-09-26T20:59:23","date_gmt":"2019-09-26T23:59:23","guid":{"rendered":"http:\/\/172.16.0.7\/site-antigo\/?p=26784"},"modified":"2024-10-08T09:19:52","modified_gmt":"2024-10-08T12:19:52","slug":"lar-sagrada-familia-recebe-recursos-para-compra-de-van","status":"publish","type":"post","link":"http:\/\/www.apucarana.pr.gov.br\/site\/lar-sagrada-familia-recebe-recursos-para-compra-de-van\/","title":{"rendered":"Lar Sagrada Fam\u00edlia recebe recursos para compra de van"},"content":{"rendered":"<p>Em ato realizado no gabinete do prefeito Junior da Femac, foi oficializado o repasse de R$ 200 mil ao Lar Sagrada Fam\u00edlia de Apucarana. Trata-se de recursos do Governo do estado, com ades\u00e3o feita ainda em 2016 pela entidade, que agora est\u00e1 recebendo o valor, por meio do Conselho Municipal de Assist\u00eancia Social.<br \/>\nParticiparam do ato, o empres\u00e1rio Maur\u00edcio Rawski de Paula, presidente do Lar Sagrada Fam\u00edlia; Paulo Ant\u00f4nio da Silva, presidente do Conselho Municipal de Assist\u00eancia Social; e a secret\u00e1ria de Assist\u00eancia Social, Ana Paula Nazarko.<br \/>\nO dirigente do Lar Sagrada Fam\u00edlia agradeceu o empenho de todos os envolvidos na conquista e anunciou que o dinheiro ser\u00e1 investido na compra de uma van, com capacidade de dezesseis lugares. \u201cVamos utilizar o novo ve\u00edculo para incrementar os servi\u00e7os prestados \u00e0s nossas crian\u00e7as\u201d, informou Maur\u00edcio de Paula.<br \/>\nO prefeito Junior da Femac disse que os cidad\u00e3os que se uniram e trabalham em favor do Lar Sagrada Fam\u00edlia s\u00e3o muito valorosos. \u201cTemos a obriga\u00e7\u00e3o de que ajud\u00e1-los nessa aben\u00e7oada miss\u00e3o de todas as formas poss\u00edveis\u201d, avaliou Junior, acrescentando que, atualmente, a entidade abriga vinte e cinco crian\u00e7as de zero a doze anos. <\/p>\n","protected":false},"excerpt":{"rendered":"<p>Trata-se de recursos do Governo do estado, com ades\u00e3o feita ainda em 2016 pela entidade, que agora est\u00e1 recebendo o valor, por meio do Conselho Municipal de Assist\u00eancia Social (Foto: PMA)<\/p>\n","protected":false},"author":4,"featured_media":26787,"comment_status":"closed","ping_status":"open","sticky":false,"template":"","format":"standard","meta":{"footnotes":""},"categories":[24],"tags":[],"class_list":["post-26784","post","type-post","status-publish","format-standard","has-post-thumbnail","hentry","category-noticias"],"acf":[],"_links":{"self":[{"href":"http:\/\/www.apucarana.pr.gov.br\/site\/wp-json\/wp\/v2\/posts\/26784","targetHints":{"allow":["GET"]}}],"collection":[{"href":"http:\/\/www.apucarana.pr.gov.br\/site\/wp-json\/wp\/v2\/posts"}],"about":[{"href":"http:\/\/www.apucarana.pr.gov.br\/site\/wp-json\/wp\/v2\/types\/post"}],"author":[{"embeddable":true,"href":"http:\/\/www.apucarana.pr.gov.br\/site\/wp-json\/wp\/v2\/users\/4"}],"replies":[{"embeddable":true,"href":"http:\/\/www.apucarana.pr.gov.br\/site\/wp-json\/wp\/v2\/comments?post=26784"}],"version-history":[{"count":1,"href":"http:\/\/www.apucarana.pr.gov.br\/site\/wp-json\/wp\/v2\/posts\/26784\/revisions"}],"predecessor-version":[{"id":100121,"href":"http:\/\/www.apucarana.pr.gov.br\/site\/wp-json\/wp\/v2\/posts\/26784\/revisions\/100121"}],"wp:featuredmedia":[{"embeddable":true,"href":"http:\/\/www.apucarana.pr.gov.br\/site\/wp-json\/"}],"wp:attachment":[{"href":"http:\/\/www.apucarana.pr.gov.br\/site\/wp-json\/wp\/v2\/media?parent=26784"}],"wp:term":[{"taxonomy":"category","embeddable":true,"href":"http:\/\/www.apucarana.pr.gov.br\/site\/wp-json\/wp\/v2\/categories?post=26784"},{"taxonomy":"post_tag","embeddable":true,"href":"http:\/\/www.apucarana.pr.gov.br\/site\/wp-json\/wp\/v2\/tags?post=26784"}],"curies":[{"name":"wp","href":"https:\/\/api.w.org\/{rel}","templated":true}]}}