{"id":2678,"date":"2015-03-20T17:21:00","date_gmt":"2015-03-20T17:21:00","guid":{"rendered":"http:\/\/172.16.0.7\/site-antigo\/?p=2678"},"modified":"2024-10-08T09:10:16","modified_gmt":"2024-10-08T12:10:16","slug":"saude-realizada-mobilizacao-de-combate-a-tuberculose","status":"publish","type":"post","link":"http:\/\/www.apucarana.pr.gov.br\/site\/saude-realizada-mobilizacao-de-combate-a-tuberculose\/","title":{"rendered":"Sa\u00fade realizada mobiliza\u00e7\u00e3o de combate \u00e0 tuberculose"},"content":{"rendered":"<p><p><span style=\"letter-spacing: -0.02em; line-height: 1.45em; background-color: initial;\">A Autarquia Municipal de Sa\u00fade (AMS), atrav\u00e9s do departamento de Epidemiologia, deu in\u00edcio hoje a mobiliza\u00e7\u00e3o de dois dias de Combate \u00e0 Tuberculose. A programa\u00e7\u00e3o desta sexta-feira, no polo da Universidade Aberta do Brasil (UAB), reuniu profissionais da sa\u00fade da AMS, do Hospital da Provid\u00eancia, SENAC, FAP e 16\u00aa Regional de Sa\u00fade, para assistir palestras do m\u00e9dico infectologista Jos\u00e9 Ruy Conde Alves e da cardiologista Yone Omori Nishikawa. Os dois profissionais falaram sobre o enfrentamento da doen\u00e7a.<\/span><\/p>\n<p>A mobiliza\u00e7\u00e3o tem prosseguimento amanh\u00e3 (21), a partir das 9 horas na Pra\u00e7a Rui Barbosa, com a participa\u00e7\u00e3o de equipes da sa\u00fade dos setores epidemiologia, de endemias e estrat\u00e9gia sa\u00fade da fam\u00edlia, bem como profissionais da FAP. Atrav\u00e9s de cartazes, faixas e distribui\u00e7\u00e3o de panfletos educativos sobre a tuberculose, o grupo pretende chamar a aten\u00e7\u00e3o da popula\u00e7\u00e3o sobre a doen\u00e7a, alertando especialmente sobre os sintomas. A a\u00e7\u00e3o vai culminar com um abra\u00e7o simb\u00f3lico aos espelhos de \u00e1gua localizado em frente \u00e0s escadarias da Catedral Nossa Senhora de Lourdes.<\/p>\n<p>Neste m\u00eas em que \u00e9 comemorado o Dia Mundial de Combate a Tuberculose (24 de mar\u00e7o), a Autarquia Municipal de Sa\u00fade (AMS) anuncia uma redu\u00e7\u00e3o nos casos da doen\u00e7a em Apucarana. Em 2013, o munic\u00edpio fechou com 32 diagn\u00f3sticos da doen\u00e7a. J\u00e1 no ano passado foram registrados 21 casos.<\/p>\n<p>&ldquo;Diagnosticar e tratar correta e prontamente os casos de tuberculose s\u00e3o as principais medidas para o controle da doen\u00e7a. Esfor\u00e7os devem ser realizados no sentido de encontrar precocemente o paciente e oferecer o tratamento adequado, interrompendo a cadeia de transmiss\u00e3o da doen\u00e7a. A tuberculose \u00e9 transmitida por via a\u00e9rea em praticamente todos os casos, atrav\u00e9s da tosse, fala ou espirro&rdquo;, informa o coordenador de Vigil&acirc;ncia Epidemiol\u00f3gica da Autarquia Municipal de Sa\u00fade, Luciano Pereira da Silva.<\/p>\n<p>&ldquo;Tuberculose carrega o estigma de que \u00e9 uma doen\u00e7a banal. Os profissionais da sa\u00fade e a sociedade precisam dar mais import&acirc;ncia \u00e0 gravidade da doen\u00e7a que registra no Brasil 70 mil novos casos a cada ano e causa 4,6 mil mortes no mesmo per\u00edodo. O objetivo da campanha da tuberculose \u00e9 justamente sensibilizar sobre a import&acirc;ncia do tratamento precoce. Detectados os sintomas, a orienta\u00e7\u00e3o \u00e9 procurar os servi\u00e7os de sa\u00fade para tratamento o mais r\u00e1pido poss\u00edvel. Se tratada precocemente e de forma adequada a tuberculose tem cura&rdquo;, orienta o secret\u00e1rio municipal da sa\u00fade, Roberto Kaneta.<\/p>\n<p>Os principais sintomas da tuberculose s\u00e3o: <b>tosse cont\u00ednua por mais de duas semanas; febre baixa; cansa\u00e7o e suor noturno; perda de peso e falta de apetite<\/b><\/p>\n<p><\/p>\n","protected":false},"excerpt":{"rendered":"<p>Programa&ccedil;&atilde;o d&aacute; &ecirc;nfase ao enfrentamento da doen&ccedil;a que registrou no munic&iacute;pio em 2013 e 2014, 32 e 21 casos, respectivamente<\/p>\n","protected":false},"author":4,"featured_media":0,"comment_status":"closed","ping_status":"closed","sticky":false,"template":"","format":"standard","meta":{"footnotes":""},"categories":[24],"tags":[],"class_list":["post-2678","post","type-post","status-publish","format-standard","hentry","category-noticias"],"acf":[],"_links":{"self":[{"href":"http:\/\/www.apucarana.pr.gov.br\/site\/wp-json\/wp\/v2\/posts\/2678","targetHints":{"allow":["GET"]}}],"collection":[{"href":"http:\/\/www.apucarana.pr.gov.br\/site\/wp-json\/wp\/v2\/posts"}],"about":[{"href":"http:\/\/www.apucarana.pr.gov.br\/site\/wp-json\/wp\/v2\/types\/post"}],"author":[{"embeddable":true,"href":"http:\/\/www.apucarana.pr.gov.br\/site\/wp-json\/wp\/v2\/users\/4"}],"replies":[{"embeddable":true,"href":"http:\/\/www.apucarana.pr.gov.br\/site\/wp-json\/wp\/v2\/comments?post=2678"}],"version-history":[{"count":1,"href":"http:\/\/www.apucarana.pr.gov.br\/site\/wp-json\/wp\/v2\/posts\/2678\/revisions"}],"predecessor-version":[{"id":104202,"href":"http:\/\/www.apucarana.pr.gov.br\/site\/wp-json\/wp\/v2\/posts\/2678\/revisions\/104202"}],"wp:attachment":[{"href":"http:\/\/www.apucarana.pr.gov.br\/site\/wp-json\/wp\/v2\/media?parent=2678"}],"wp:term":[{"taxonomy":"category","embeddable":true,"href":"http:\/\/www.apucarana.pr.gov.br\/site\/wp-json\/wp\/v2\/categories?post=2678"},{"taxonomy":"post_tag","embeddable":true,"href":"http:\/\/www.apucarana.pr.gov.br\/site\/wp-json\/wp\/v2\/tags?post=2678"}],"curies":[{"name":"wp","href":"https:\/\/api.w.org\/{rel}","templated":true}]}}