{"id":26779,"date":"2019-09-26T16:15:05","date_gmt":"2019-09-26T19:15:05","guid":{"rendered":"http:\/\/172.16.0.7\/site-antigo\/?p=26779"},"modified":"2024-10-08T09:19:52","modified_gmt":"2024-10-08T12:19:52","slug":"reuniao-tecnica-debate-empregabilidade-no-parana","status":"publish","type":"post","link":"http:\/\/www.apucarana.pr.gov.br\/site\/reuniao-tecnica-debate-empregabilidade-no-parana\/","title":{"rendered":"Reuni\u00e3o t\u00e9cnica debate empregabilidade no Paran\u00e1"},"content":{"rendered":"<p>Apucarana recebeu nesta quinta-feira (26\/09) evento regional da Secretaria de Estado da Justi\u00e7a, Fam\u00edlia e Trabalho (SEJUF) e do Conselho Estadual do Trabalho (CETER). A abertura dos trabalhos, que aconteceu no sal\u00e3o nobre da prefeitura e reuniu representantes de ag\u00eancias do trabalhador de v\u00e1rias cidades da regi\u00e3o, contou com a presen\u00e7a do prefeito J\u00fanior da Femac. \u201cO governo Ratinho J\u00fanior tem uma preocupa\u00e7\u00e3o muito grande em levar o desenvolvimento para todo o Paran\u00e1 e no tocante \u00e0 empregabilidade, o conselho estadual tem feito um grande trabalho. \u00c9 uma honra para n\u00f3s receber esta reuni\u00e3o t\u00e9cnica. Podem contar com Apucarana sempre que precisarem\u201d, disse o prefeito.<br \/>\nCriado em 1994, o conselho tem por finalidade estabelecer diretrizes e prioridades para as pol\u00edticas de trabalho, emprego e renda no Estado do Paran\u00e1. Cabe ao CETER promover a democratiza\u00e7\u00e3o das rela\u00e7\u00f5es de trabalho e o entendimento entre trabalhadores, empregadores e os governos federal e estadual.<br \/>\nO prefeito J\u00fanior da Femac aproveitou a oportunidade para fazer um relato sobre as principais iniciativas de Apucarana no setor. \u201cLevamos recentemente a pasta do emprego para a Secretaria da Ind\u00fastria e Com\u00e9rcio e estamos realizando a\u00e7\u00f5es cont\u00ednuas para fomentar a capacita\u00e7\u00e3o profissional e a empregabilidade, visando sempre o incremento da gera\u00e7\u00e3o de renda e riquezas\u201d, pontuou J\u00fanior, enumerando iniciativas que est\u00e3o desburocratizando e agilizando a abertura de empresas, oferta de cursos profissionalizantes gratuitos em \u00e1reas com grande necessidade de m\u00e3o de obra qualificada e desenvolvimento de programas municipais como a economia solid\u00e1ria, que qualifica e assessora mulheres para o mercado de trabalho.<br \/>\nO diretor do Departamento de Estado do Trabalho (DET), Ederson Cola\u00e7o enalteceu as a\u00e7\u00f5es desenvolvidas pela Ag\u00eancia do Trabalhador de Apucarana e pela administra\u00e7\u00e3o municipal. \u201cA cidade se tornou um modelo. A partir da gest\u00e3o do gerente Rodrigo Li\u00e9vore melhoraram muito os n\u00fameros da ag\u00eancia e por isto Apucarana est\u00e1 de parab\u00e9ns\u201d, assinalou Cola\u00e7o. Segundo ele, as pol\u00edticas p\u00fablicas implementadas pela prefeitura s\u00e3o efetivas e de resultados. \u201cDignas de serem replicadas em todo o estado\u201d, disse.<br \/>\nA reuni\u00e3o t\u00e9cnica foi aberta pelo presidente do Conselho Estadual do Trabalho, Jos\u00e9 Toaldo Filho. Na sequ\u00eancia, as chefes regionais Daise Vieira Tokano (Londrina) e Juliana Eliza da Silva (Apucarana) falaram sobre as a\u00e7\u00f5es de suas unidades. O diretor do DET, Ederson Cola\u00e7o, tamb\u00e9m fez uma abordagem do trabalho do departamento, seguido de apresenta\u00e7\u00e3o dos dados do mercado de trabalho do Paran\u00e1 e da regi\u00e3o de Londrina\/Apucarana, e desempenho das ag\u00eancias do trabalhador das regionais. O encontro foi encerrado com apresenta\u00e7\u00f5es dos gerentes da ag\u00eancia do Trabalhador de Apucarana, Rodrigo Li\u00e9vore, e \u00c9lice de Silvo, de Rol\u00e2ndia, que falaram sobre \u201cResultados e Desafios\u201d das ag\u00eancias.<\/p>\n","protected":false},"excerpt":{"rendered":"<p>O prefeito J\u00fanior da Femac aproveitou a oportunidade para fazer um relato sobre as principais iniciativas de Apucarana no setor (Foto: PMA)<\/p>\n","protected":false},"author":4,"featured_media":26780,"comment_status":"closed","ping_status":"open","sticky":false,"template":"","format":"standard","meta":{"footnotes":""},"categories":[24],"tags":[],"class_list":["post-26779","post","type-post","status-publish","format-standard","has-post-thumbnail","hentry","category-noticias"],"acf":[],"_links":{"self":[{"href":"http:\/\/www.apucarana.pr.gov.br\/site\/wp-json\/wp\/v2\/posts\/26779","targetHints":{"allow":["GET"]}}],"collection":[{"href":"http:\/\/www.apucarana.pr.gov.br\/site\/wp-json\/wp\/v2\/posts"}],"about":[{"href":"http:\/\/www.apucarana.pr.gov.br\/site\/wp-json\/wp\/v2\/types\/post"}],"author":[{"embeddable":true,"href":"http:\/\/www.apucarana.pr.gov.br\/site\/wp-json\/wp\/v2\/users\/4"}],"replies":[{"embeddable":true,"href":"http:\/\/www.apucarana.pr.gov.br\/site\/wp-json\/wp\/v2\/comments?post=26779"}],"version-history":[{"count":1,"href":"http:\/\/www.apucarana.pr.gov.br\/site\/wp-json\/wp\/v2\/posts\/26779\/revisions"}],"predecessor-version":[{"id":100122,"href":"http:\/\/www.apucarana.pr.gov.br\/site\/wp-json\/wp\/v2\/posts\/26779\/revisions\/100122"}],"wp:featuredmedia":[{"embeddable":true,"href":"http:\/\/www.apucarana.pr.gov.br\/site\/wp-json\/"}],"wp:attachment":[{"href":"http:\/\/www.apucarana.pr.gov.br\/site\/wp-json\/wp\/v2\/media?parent=26779"}],"wp:term":[{"taxonomy":"category","embeddable":true,"href":"http:\/\/www.apucarana.pr.gov.br\/site\/wp-json\/wp\/v2\/categories?post=26779"},{"taxonomy":"post_tag","embeddable":true,"href":"http:\/\/www.apucarana.pr.gov.br\/site\/wp-json\/wp\/v2\/tags?post=26779"}],"curies":[{"name":"wp","href":"https:\/\/api.w.org\/{rel}","templated":true}]}}