{"id":26772,"date":"2019-09-26T15:06:54","date_gmt":"2019-09-26T18:06:54","guid":{"rendered":"http:\/\/172.16.0.7\/site-antigo\/?p=26772"},"modified":"2024-10-08T09:19:52","modified_gmt":"2024-10-08T12:19:52","slug":"pocket-shows-divulgam-festival-de-musica-em-apucarana","status":"publish","type":"post","link":"http:\/\/www.apucarana.pr.gov.br\/site\/pocket-shows-divulgam-festival-de-musica-em-apucarana\/","title":{"rendered":"\u201cPocket shows\u201d divulgam festival de m\u00fasica em Apucarana"},"content":{"rendered":"<p>A m\u00fasica mensagem est\u00e1 invadindo as ruas da cidade. Com a proximidade do 5\u00ba Festival de M\u00fasica Mensagem de Apucarana (Femudap), que acontece de 25 a 27 de outubro, no Cine Teatro F\u00eanix, a Secretaria Municipal da Promo\u00e7\u00e3o Art\u00edstica, Cultural e Tur\u00edstica (Promatur) est\u00e1 intensificando a divulga\u00e7\u00e3o do evento. E a novidade desta edi\u00e7\u00e3o \u00e9 a realiza\u00e7\u00e3o de \u201cpocket shows\u201d, apresenta\u00e7\u00f5es musicais de curta dura\u00e7\u00e3o com artistas j\u00e1 inscritos. A primeira apresenta\u00e7\u00e3o foi da cantora de Santa F\u00e9, Michele Mi.<br \/>\nPor cerca de duas horas, ela enfrentou a chuva e chamou a aten\u00e7\u00e3o de quem passou pela Pra\u00e7a Interventor Manoel Ribas (Redondo). \u201cO principal diferencial deste formato de evento \u00e9 a atmosfera mais aconchegante, fazendo com que o p\u00fablico possa interagir com os artistas de maneira pr\u00f3xima\u201d, assinala M\u00e1rio Felipe Rodrigues, coordenador do Femudap.<br \/>\nEle conta que at\u00e9 o dia do festival ser\u00e3o realizados v\u00e1rios eventos semelhantes na \u00e1rea central e bairros de Apucarana. \u201cTemos muitos inscritos de cidades da regi\u00e3o e estamos convidando todos para apresentar sua arte atrav\u00e9s destes pocket shows\u201d, revela M\u00e1rio Felipe.<br \/>\nO prazo de inscri\u00e7\u00e3o para o 5\u00ba Femudap vai at\u00e9 o dia 12 de outubro atrav\u00e9s do site http:\/\/www.femudap.com.br. At\u00e9 o momento, a organiza\u00e7\u00e3o registra mais de 60 inscritos de estados do Paran\u00e1, S\u00e3o Paulo, Rio de Janeiro, Santa Catarina, Acre, Amap\u00e1, Sergipe e Mato Grosso do Sul. \u201cNa regi\u00e3o, al\u00e9m de artistas de Apucarana est\u00e3o confirmados inscritos de Apucarana, Londrina, Maring\u00e1, Sarandi, Marialva, Jandaia do Sul, Arapongas, Cambira, Mandaguari, Santa F\u00e9, Maril\u00e2ndia do Sul e Faxinal. Temos ainda inscritos de cidades da regi\u00e3o metropolitana de Curitiba\u201d, detalha M\u00e1rio Felipe, coordenador do Femudap.<br \/>\nO Femudap \u00e9 uma realiza\u00e7\u00e3o da Prefeitura de Apucarana, por meio da Secretaria da Promo\u00e7\u00e3o Art\u00edstica, Cultural e Tur\u00edstica (Promatur), com apoio do Setor da Juventude da Diocese de Apucarana. O tema das composi\u00e7\u00f5es \u00e9 livre, com a exig\u00eancia de que sejam m\u00fasicas in\u00e9ditas nas categorias m\u00fasica popular e m\u00fasica religiosa. A premia\u00e7\u00e3o prev\u00ea trof\u00e9us e dinheiro do primeiro ao quinto lugar de cada categoria.<br \/>\nAl\u00e9m de incentivar a criatividade musical e promover interc\u00e2mbio cultural, o Femudap busca descobrir e valorizar novos talentos incentivando o trabalho de m\u00fasicos e grupos iniciantes, bem como compositores, arranjadores e int\u00e9rpretes amadores. \u201cA m\u00fasica mensagem vem do cora\u00e7\u00e3o, da alma. Ela emana coisas boas para a vida da gente\u201d, comenta o prefeito Junior da Femac, um dos principais incentivadores da iniciativa.<br \/>\nAs m\u00fasicas e int\u00e9rpretes finalistas ser\u00e3o avaliadas e escolhidas pela Comiss\u00e3o Organizadora do festival. Mais informa\u00e7\u00f5es sobre o 5\u00ba Femudap podem ser obtidas pelos telefones (43) 3423-2944 ou (43) 99986-4185, com M\u00e1rio Felipe, ou no site http:\/\/www.femudap.com.br.<\/p>\n","protected":false},"excerpt":{"rendered":"<p>O Femudap \u00e9 uma realiza\u00e7\u00e3o da Prefeitura de Apucarana, por meio da Secretaria da Promo\u00e7\u00e3o Art\u00edstica, Cultural e Tur\u00edstica (Promatur), com apoio do Setor da Juventude da Diocese de Apucarana (Foto: PMA)<\/p>\n","protected":false},"author":4,"featured_media":26777,"comment_status":"closed","ping_status":"open","sticky":false,"template":"","format":"standard","meta":{"footnotes":""},"categories":[24],"tags":[],"class_list":["post-26772","post","type-post","status-publish","format-standard","has-post-thumbnail","hentry","category-noticias"],"acf":[],"_links":{"self":[{"href":"http:\/\/www.apucarana.pr.gov.br\/site\/wp-json\/wp\/v2\/posts\/26772","targetHints":{"allow":["GET"]}}],"collection":[{"href":"http:\/\/www.apucarana.pr.gov.br\/site\/wp-json\/wp\/v2\/posts"}],"about":[{"href":"http:\/\/www.apucarana.pr.gov.br\/site\/wp-json\/wp\/v2\/types\/post"}],"author":[{"embeddable":true,"href":"http:\/\/www.apucarana.pr.gov.br\/site\/wp-json\/wp\/v2\/users\/4"}],"replies":[{"embeddable":true,"href":"http:\/\/www.apucarana.pr.gov.br\/site\/wp-json\/wp\/v2\/comments?post=26772"}],"version-history":[{"count":1,"href":"http:\/\/www.apucarana.pr.gov.br\/site\/wp-json\/wp\/v2\/posts\/26772\/revisions"}],"predecessor-version":[{"id":100123,"href":"http:\/\/www.apucarana.pr.gov.br\/site\/wp-json\/wp\/v2\/posts\/26772\/revisions\/100123"}],"wp:featuredmedia":[{"embeddable":true,"href":"http:\/\/www.apucarana.pr.gov.br\/site\/wp-json\/"}],"wp:attachment":[{"href":"http:\/\/www.apucarana.pr.gov.br\/site\/wp-json\/wp\/v2\/media?parent=26772"}],"wp:term":[{"taxonomy":"category","embeddable":true,"href":"http:\/\/www.apucarana.pr.gov.br\/site\/wp-json\/wp\/v2\/categories?post=26772"},{"taxonomy":"post_tag","embeddable":true,"href":"http:\/\/www.apucarana.pr.gov.br\/site\/wp-json\/wp\/v2\/tags?post=26772"}],"curies":[{"name":"wp","href":"https:\/\/api.w.org\/{rel}","templated":true}]}}