{"id":2677,"date":"2015-03-20T16:39:00","date_gmt":"2015-03-20T16:39:00","guid":{"rendered":"http:\/\/172.16.0.7\/site-antigo\/?p=2677"},"modified":"2024-10-08T09:10:16","modified_gmt":"2024-10-08T12:10:16","slug":"adefiap-repassa-cadeiras-motorizadas-do-viver-sem-limites","status":"publish","type":"post","link":"http:\/\/www.apucarana.pr.gov.br\/site\/adefiap-repassa-cadeiras-motorizadas-do-viver-sem-limites\/","title":{"rendered":"Adefiap repassa cadeiras motorizadas do Viver sem Limites"},"content":{"rendered":"<\/p>\n<p><span style=\"letter-spacing: -0.02em; line-height: 1.45em; background-color: initial;\">A Associa\u00e7\u00e3o dos Deficientes F\u00edsicos de Apucarana (Adefiap) realizou nesta sexta-feira (20\/03), em sua sede, a entrega de mais 12 cadeiras de rodas motorizadas a pacientes inscritos no programa federal &ldquo;Viver sem Limites&rdquo;. As cidades atendidas nesta etapa foram Borraz\u00f3polis, com nove equipamentos, Kalor\u00e9 (2) e Bom Sucesso (1).<br \/><\/span><span style=\"letter-spacing: -0.02em; line-height: 1.45em; background-color: initial;\"><br \/>Apucarana, como cidade sede da Adefiap, j\u00e1 teve cadeirantes contemplados em outras etapas. Segundo a coordena\u00e7\u00e3o da entidade, atualmente h\u00e1 cerca de 80 outros pedidos de benef\u00edcios para a cidade e regi\u00e3o em tr&acirc;mite junto ao Governo Federal. A solenidade de repasse das cadeiras motorizadas foi prestigiada pelo prefeito de Apucarana, m\u00e9dico Beto Preto (PT), vice-prefeito J\u00fanior da Femac (PDT) e pelo secret\u00e1rio de Governo, S\u00e9rgio Luiz Barroso. <\/p>\n<p>&ldquo;Estou muito emocionada, pois este trabalho \u00e9 feito com muito carinho junto ao Minist\u00e9rio da Sa\u00fade, em parceria com a Autarquia Municipal de Sa\u00fade de Apucarana (AMS), 16\u00aa Regional de Sa\u00fade do Governo do Paran\u00e1 e colaboradores dos munic\u00edpios da \u00e1rea de abrang\u00eancia de nossa entidade. Vivemos um tempo especial com este programa. Nunca antes um governo federal dedicou tanta aten\u00e7\u00e3o a entidades como a nossa&rdquo;, salientou Em\u00edlia Cretuchi, presidente da Adefiap.<br \/><\/span><span style=\"letter-spacing: -0.02em; line-height: 1.45em; background-color: initial;\"><br \/>Al\u00e9m de Apucarana, a associa\u00e7\u00e3o possui pacientes em 16 outras cidades do Vale do Iva\u00ed. S\u00e3o cerca de 1,5 mil associados, a maioria carente financeiramente. &ldquo;Esta entidade \u00e9 um exemplo, no Paran\u00e1, pela firmeza e pela luta na condu\u00e7\u00e3o dos trabalhos. A prefeitura \u00e9 apenas um instrumento neste processo do Viver sem Limites, todos os m\u00e9ritos a equipe da Adefiap, que com lutas como estas d\u00e1 mais autonomia para que pessoas possam ir onde quiserem, em locais onde antes tinham dificuldades&rdquo;, disse Beto Preto.<br \/><\/span><span style=\"letter-spacing: -0.02em; line-height: 1.45em; background-color: initial;\"><br \/>Moradora de Borraz\u00f3polis, Rosa de Lima Macedo, de 88 anos, conquistou sua primeira cadeira motorizada. &ldquo;Estou muito feliz. At\u00e9 chorei quando recebi a liga\u00e7\u00e3o me avisando que iria ganhar uma. A vida vai ficar mais f\u00e1cil agora&rdquo;, declarou.<br \/><\/span><span style=\"letter-spacing: -0.02em; line-height: 1.45em; background-color: initial;\"><br \/>O vice-prefeito J\u00fanior da Femac, que tem o pai cadeirante, fez um relato pessoal da import&acirc;ncia do equipamento motorizado. &ldquo;Tenho uma hist\u00f3ria dentro da fam\u00edlia e sei que a maior irrita\u00e7\u00e3o de uma pessoa com necessidade especial \u00e9 n\u00e3o poder fazer as coisas. O Viver sem Limites veio para dizer que todos t\u00eam condi\u00e7\u00f5es de fazer o que desejarem. Tem muita coisa para melhorar? Tem, todos sabemos, mas o Brasil mudou muito com este governo, que ao contr\u00e1rio de outros, destina recursos para ajudar aqueles que mais precisam&rdquo;, disse o vice-prefeito de Apucarana.<br \/><\/span><span style=\"letter-spacing: -0.02em; line-height: 1.45em; background-color: initial;\"><br \/>Criado em 2011, o &ldquo;Viver sem Limites&rdquo; integra o Plano Nacional dos Direitos da Pessoa com Defici\u00eancia e visa fomentar programas e outras a\u00e7\u00f5es no sentido de garantir autonomia, liberdade e independ\u00eancia deficientes f\u00edsicos brasileiros. Cada cadeira motorizada custa em torno R$5 mil, e a verba \u00e9 liberada pelo Governo Federal via Fundo Municipal da Sa\u00fade. Na parceria, a Adefiap, entidade vinculada ao Sistema &Uacute;nico de Sa\u00fade (SUS), \u00e9 respons\u00e1vel pelo cadastro dos interessados, solicita\u00e7\u00e3o, compra e repasse da cadeira. A Autarquia de Sa\u00fade atua no tr&acirc;mite burocr\u00e1tico, avalia\u00e7\u00e3o e an\u00e1lise da necessidade, e intermedia\u00e7\u00e3o para libera\u00e7\u00e3o dos recursos federais. Al\u00e9m de cadeiras motorizadas, o &ldquo;Viver sem Limites&rdquo; fornece ainda cadeiras convencionais e de banho aos cadeirantes, al\u00e9m de c\u00e3es-guias, moradias populapes adaptadas, entre outras a\u00e7\u00f5es.<br \/><\/span><span style=\"letter-spacing: -0.02em; line-height: 1.45em; background-color: initial;\"><br \/>Segundo resultados divulgados pelo IBGE, do Censo 2010, o Brasil possui 45,6 milh\u00f5es de pessoas com alguma defici\u00eancia, o que representa 23,91% da popula\u00e7\u00e3o.Cadeirantes interessados em se cadastrar no programa podem procurar a Adefiap, que funciona na Rua Ponta Grossa, 821 &ndash; Telefone: 3423-2822.<\/span><\/p>\n<p><\/p>\n","protected":false},"excerpt":{"rendered":"<p>Al&eacute;m de Apucarana, a associa&ccedil;&atilde;o possui pacientes em 16 outras cidades do Vale do Iva&iacute;. S&atilde;o cerca de 1,5 mil associados, a maioria carente financeiramente<\/p>\n","protected":false},"author":4,"featured_media":0,"comment_status":"closed","ping_status":"closed","sticky":false,"template":"","format":"standard","meta":{"footnotes":""},"categories":[24],"tags":[],"class_list":["post-2677","post","type-post","status-publish","format-standard","hentry","category-noticias"],"acf":[],"_links":{"self":[{"href":"http:\/\/www.apucarana.pr.gov.br\/site\/wp-json\/wp\/v2\/posts\/2677","targetHints":{"allow":["GET"]}}],"collection":[{"href":"http:\/\/www.apucarana.pr.gov.br\/site\/wp-json\/wp\/v2\/posts"}],"about":[{"href":"http:\/\/www.apucarana.pr.gov.br\/site\/wp-json\/wp\/v2\/types\/post"}],"author":[{"embeddable":true,"href":"http:\/\/www.apucarana.pr.gov.br\/site\/wp-json\/wp\/v2\/users\/4"}],"replies":[{"embeddable":true,"href":"http:\/\/www.apucarana.pr.gov.br\/site\/wp-json\/wp\/v2\/comments?post=2677"}],"version-history":[{"count":1,"href":"http:\/\/www.apucarana.pr.gov.br\/site\/wp-json\/wp\/v2\/posts\/2677\/revisions"}],"predecessor-version":[{"id":104203,"href":"http:\/\/www.apucarana.pr.gov.br\/site\/wp-json\/wp\/v2\/posts\/2677\/revisions\/104203"}],"wp:attachment":[{"href":"http:\/\/www.apucarana.pr.gov.br\/site\/wp-json\/wp\/v2\/media?parent=2677"}],"wp:term":[{"taxonomy":"category","embeddable":true,"href":"http:\/\/www.apucarana.pr.gov.br\/site\/wp-json\/wp\/v2\/categories?post=2677"},{"taxonomy":"post_tag","embeddable":true,"href":"http:\/\/www.apucarana.pr.gov.br\/site\/wp-json\/wp\/v2\/tags?post=2677"}],"curies":[{"name":"wp","href":"https:\/\/api.w.org\/{rel}","templated":true}]}}