{"id":2676,"date":"2015-03-20T12:36:59","date_gmt":"2015-03-20T12:36:59","guid":{"rendered":"http:\/\/172.16.0.7\/site-antigo\/?p=2676"},"modified":"2024-10-08T09:10:16","modified_gmt":"2024-10-08T12:10:16","slug":"municipio-conclui-licitacao-para-construcao-do-cras-da-vila-regina","status":"publish","type":"post","link":"http:\/\/www.apucarana.pr.gov.br\/site\/municipio-conclui-licitacao-para-construcao-do-cras-da-vila-regina\/","title":{"rendered":"Munic\u00edpio conclui licita\u00e7\u00e3o para constru\u00e7\u00e3o do CRAS da Vila Regina"},"content":{"rendered":"<p><p>O Centro de Refer\u00eancia da Assist\u00eancia Social (CRAS) da Vila Regina, que atualmente funciona em im\u00f3vel locado, vai ganhar sede pr\u00f3pria. A licita\u00e7\u00e3o para a contrata\u00e7\u00e3o da empresa que vai executar a obra foi conclu\u00edda nesta semana, sendo vencida pela Bizantina Engenharia e Constru\u00e7\u00f5es Ltda. O valor do investimento ser\u00e1 de R$ 388.349,15.<\/p>\n<p>De acordo com o prefeito de Apucarana, Beto Preto, o processo ser\u00e1 encaminhado agora para a homologa\u00e7\u00e3o da Caixa Econ&ocirc;mica Federal e, ap\u00f3s a assinatura do contrato, a empresa vencedora ter\u00e1 prazo de 6 meses para concluir a obra. &ldquo;A maior parte dos recursos \u00e9 oriundo de um conv\u00eanio como Governo Federal, atrav\u00e9s do Minist\u00e9rio do Desenvolvimento Social e Combate \u00e0 Fome, tendo o Munic\u00edpio contribu\u00eddo com uma contrapartida no valor de R$ 15 mil&rdquo;, detalha Beto Preto.<\/p>\n<p>O CRAS da Vila Regina ter\u00e1 165 metros quadrados de \u00e1rea constru\u00edda e ser\u00e1 constru\u00eddo na Rua Natividade, esquina com a Rua Tito Cerazoli (ao lado do CMEI Sefarim Colombo). &ldquo;Haver\u00e1 sala multiuso, sala de coordena\u00e7\u00e3o, recep\u00e7\u00e3o, sala de atendimento das fam\u00edlias, copa, almoxarifado, banheiros adaptados para funcion\u00e1rios e para o p\u00fablico, al\u00e9m de acesso externo coberto&rdquo;, cita.<\/p>\n<p>O prefeito de Apucarana lembra que a obra d\u00e1 sequ\u00eancia \u00e0 pol\u00edtica da atual administra\u00e7\u00e3o de dotar os quatro CRAS existentes em Apucarana de sede pr\u00f3pria. &ldquo;A unidade do Jardim Am\u00e9rica j\u00e1 funciona em sede pr\u00f3pria, conclu\u00edmos a licita\u00e7\u00e3o para o CRAS da Vila Regina e pretendemos fazer o fazer o mesmo com as outras duas unidades existentes no Munic\u00edpio, localizadas na Vila Reis e na Vila Nova&rdquo;, planeja Beto Preto.<\/p>\n<p><\/p>\n","protected":false},"excerpt":{"rendered":"<p>A empresa vencedora foi a Bizantina e o valor do investimento ser&aacute; de R$ 388 mil<\/p>\n","protected":false},"author":4,"featured_media":0,"comment_status":"closed","ping_status":"closed","sticky":false,"template":"","format":"standard","meta":{"footnotes":""},"categories":[24],"tags":[],"class_list":["post-2676","post","type-post","status-publish","format-standard","hentry","category-noticias"],"acf":[],"_links":{"self":[{"href":"http:\/\/www.apucarana.pr.gov.br\/site\/wp-json\/wp\/v2\/posts\/2676","targetHints":{"allow":["GET"]}}],"collection":[{"href":"http:\/\/www.apucarana.pr.gov.br\/site\/wp-json\/wp\/v2\/posts"}],"about":[{"href":"http:\/\/www.apucarana.pr.gov.br\/site\/wp-json\/wp\/v2\/types\/post"}],"author":[{"embeddable":true,"href":"http:\/\/www.apucarana.pr.gov.br\/site\/wp-json\/wp\/v2\/users\/4"}],"replies":[{"embeddable":true,"href":"http:\/\/www.apucarana.pr.gov.br\/site\/wp-json\/wp\/v2\/comments?post=2676"}],"version-history":[{"count":1,"href":"http:\/\/www.apucarana.pr.gov.br\/site\/wp-json\/wp\/v2\/posts\/2676\/revisions"}],"predecessor-version":[{"id":104204,"href":"http:\/\/www.apucarana.pr.gov.br\/site\/wp-json\/wp\/v2\/posts\/2676\/revisions\/104204"}],"wp:attachment":[{"href":"http:\/\/www.apucarana.pr.gov.br\/site\/wp-json\/wp\/v2\/media?parent=2676"}],"wp:term":[{"taxonomy":"category","embeddable":true,"href":"http:\/\/www.apucarana.pr.gov.br\/site\/wp-json\/wp\/v2\/categories?post=2676"},{"taxonomy":"post_tag","embeddable":true,"href":"http:\/\/www.apucarana.pr.gov.br\/site\/wp-json\/wp\/v2\/tags?post=2676"}],"curies":[{"name":"wp","href":"https:\/\/api.w.org\/{rel}","templated":true}]}}