{"id":2675,"date":"2015-03-23T12:35:00","date_gmt":"2015-03-23T12:35:00","guid":{"rendered":"http:\/\/172.16.0.7\/site-antigo\/?p=2675"},"modified":"2024-10-08T09:10:16","modified_gmt":"2024-10-08T12:10:16","slug":"todas-as-ruas-do-marcos-freire-serao-beneficiadas-com-o-recape","status":"publish","type":"post","link":"http:\/\/www.apucarana.pr.gov.br\/site\/todas-as-ruas-do-marcos-freire-serao-beneficiadas-com-o-recape\/","title":{"rendered":"Todas as ruas do Marcos Freire ser\u00e3o beneficiadas com o recape"},"content":{"rendered":"<\/p>\n<p>Os tr&acirc;mites burocr\u00e1ticos para o recape das ruas do N\u00facleo Habitacional Marcos Freire j\u00e1 foram cumpridos e os servi\u00e7os devem come\u00e7ar nos pr\u00f3ximos dias. A empresa vencedora do processo licitat\u00f3rio foi a Tapalan Constru\u00e7\u00f5es e Empreendimentos Ltda, que ter\u00e1 prazo de 60 dias para executar o servi\u00e7o. O valor do investimento \u00e9 de R$ 266 mil, com recursos do caixa do pr\u00f3prio munic\u00edpio.<\/p>\n<p>De acordo com o prefeito Beto Preto (PT), as melhorias chegar\u00e3o as 11 ruas do n\u00facleo habitacional, totalizando 16.300 metros quadrados de \u00e1rea que ser\u00e3o recapeados com CBUQ (Concreto Betuminoso Usinado a Quente). &ldquo;Vamos investir R$ 266 mil de recursos pr\u00f3prios, fruto da economia que estamos fazendo nesta gest\u00e3o. O Marcos Freire \u00e9 um bairro de trabalhadores e o recape cumpre um compromisso assumido com os moradores do bairro&rdquo;, frisa Beto Preto.<\/p>\n<p>Os servi\u00e7os compreendem limpeza e lavagem da pista, tapa-buraco e a aplica\u00e7\u00e3o de uma capa de CBUQ com dois cent\u00edmetros de espessura. &ldquo;As ruas do bairro est\u00e3o em prec\u00e1rias condi\u00e7\u00f5es. Agrade\u00e7o a compreens\u00e3o dos moradores, que esperaram por longo tempo pela conquista. &Eacute; mais uma melhoria que estamos conseguindo levar a essa regi\u00e3o da cidade&rdquo;, afirma Beto Preto, lembrando que recentemente o Munic\u00edpio fez o levantamento da pista na via que faz a interliga\u00e7\u00e3o entre o Marcos Freire e o N\u00facleo Habitacional Dom Romeu Alberti.<\/p>\n<p>RUAS BENEFICIADAS COM O RECAPE<\/p>\n<p>&#8211; Rua Fernando Pereira<\/p>\n<p>&#8211; Rua Jos\u00e9 Ciapina<\/p>\n<p>&#8211; Rua Edmundo de Fauw<\/p>\n<p>&#8211; Rua Pato Branco<\/p>\n<p>&#8211; Rua Carlos Caramori<\/p>\n<p>&#8211; Rua Ibat\u00e9<\/p>\n<p>&#8211; Rua Alzemiro Bassi<\/p>\n<p>&#8211; Rua Benedito Ribeiro Valim<\/p>\n<p>&#8211; Rua Sime\u00e3o Carranza<\/p>\n<p>&#8211; Rua Luiz Matiuzzi<\/p>\n<p>&#8211; Rua Franscisco Mesquita Gomes<\/p>\n<p><\/p>\n","protected":false},"excerpt":{"rendered":"<p>O valor do investimento &eacute; de R$ 266 mil, com recursos do caixa do pr&oacute;prio munic&iacute;pio<\/p>\n","protected":false},"author":4,"featured_media":0,"comment_status":"closed","ping_status":"closed","sticky":false,"template":"","format":"standard","meta":{"footnotes":""},"categories":[24],"tags":[],"class_list":["post-2675","post","type-post","status-publish","format-standard","hentry","category-noticias"],"acf":[],"_links":{"self":[{"href":"http:\/\/www.apucarana.pr.gov.br\/site\/wp-json\/wp\/v2\/posts\/2675","targetHints":{"allow":["GET"]}}],"collection":[{"href":"http:\/\/www.apucarana.pr.gov.br\/site\/wp-json\/wp\/v2\/posts"}],"about":[{"href":"http:\/\/www.apucarana.pr.gov.br\/site\/wp-json\/wp\/v2\/types\/post"}],"author":[{"embeddable":true,"href":"http:\/\/www.apucarana.pr.gov.br\/site\/wp-json\/wp\/v2\/users\/4"}],"replies":[{"embeddable":true,"href":"http:\/\/www.apucarana.pr.gov.br\/site\/wp-json\/wp\/v2\/comments?post=2675"}],"version-history":[{"count":1,"href":"http:\/\/www.apucarana.pr.gov.br\/site\/wp-json\/wp\/v2\/posts\/2675\/revisions"}],"predecessor-version":[{"id":104198,"href":"http:\/\/www.apucarana.pr.gov.br\/site\/wp-json\/wp\/v2\/posts\/2675\/revisions\/104198"}],"wp:attachment":[{"href":"http:\/\/www.apucarana.pr.gov.br\/site\/wp-json\/wp\/v2\/media?parent=2675"}],"wp:term":[{"taxonomy":"category","embeddable":true,"href":"http:\/\/www.apucarana.pr.gov.br\/site\/wp-json\/wp\/v2\/categories?post=2675"},{"taxonomy":"post_tag","embeddable":true,"href":"http:\/\/www.apucarana.pr.gov.br\/site\/wp-json\/wp\/v2\/tags?post=2675"}],"curies":[{"name":"wp","href":"https:\/\/api.w.org\/{rel}","templated":true}]}}