{"id":26749,"date":"2019-09-26T12:42:13","date_gmt":"2019-09-26T15:42:13","guid":{"rendered":"http:\/\/172.16.0.7\/site-antigo\/?p=26749"},"modified":"2024-10-08T09:19:52","modified_gmt":"2024-10-08T12:19:52","slug":"apucarana-conclui-1a-etapa-da-obra-do-centro-cultural-fenix","status":"publish","type":"post","link":"http:\/\/www.apucarana.pr.gov.br\/site\/apucarana-conclui-1a-etapa-da-obra-do-centro-cultural-fenix\/","title":{"rendered":"Apucarana conclui 1\u00aa etapa da obra do Centro Cultural F\u00eanix"},"content":{"rendered":"<p>O projeto que cria o Centro Cultural F\u00eanix est\u00e1 avan\u00e7ando. Nesta semana, foram conclu\u00eddas as obras da primeira etapa, compreendendo servi\u00e7os no Edif\u00edcio F\u00eanix e tamb\u00e9m no pr\u00e9dio em anexo e que abriga o Cine Teatro F\u00eanix.<br \/>\nDe acordo com o prefeito de Apucarana, Junior da Femac, s\u00e3o duas estruturas situadas em anexo e que formar\u00e3o o complexo cultural.\u00a0O Cine Teatro F\u00eanix j\u00e1 \u00e9 utilizado pelo p\u00fablico e recebeu diversas adequa\u00e7\u00f5es, especialmente no tocante \u00e0 preven\u00e7\u00e3o de inc\u00eandio.<br \/>\nNo t\u00e9rreo, no hall de entrada ao Cine Teatro, foi instalado novo piso, feita a pintura e a instala\u00e7\u00e3o de corrim\u00e3os. Internamente, a pintura tamb\u00e9m foi renovada, bem como o gesso da cobertura foi consertado. \u201cO local j\u00e1 foi vistoriado pelo Corpo de Bombeiros, que solicitou alguns ajustes. Nos pr\u00f3ximos dias, deve acontecer a vistoria final\u201d, esclarece Junior da Femac.<br \/>\nEntre os dispositivos de seguran\u00e7a instalados est\u00e3o hidrantes, acionadores de alarme de inc\u00eandio, detectores de fuma\u00e7a, central de alarme, guarda corpo e corrim\u00e3os.<br \/>\nQuanto \u00e0s obras nos tr\u00eas andares do Edif\u00edcio F\u00eanix, que ficam em anexo ao Cine Teatro F\u00eanix, o prefeito esclarece que o servi\u00e7o chegou a ser iniciado em 2007, mas a reforma acabou sendo paralisada naquela \u00e9poca quando a empreiteira vencedora da licita\u00e7\u00e3o apresentou incapacidades que levaram \u00e0 rescis\u00e3o contratual.<br \/>\nA atual gest\u00e3o redimensionou o projeto, planejando a execu\u00e7\u00e3o em etapas. \u201cNesta fase inicial, investimos R$ 292 mil de recursos pr\u00f3prios. Agora, buscaremos viabilizar mais recursos para a realiza\u00e7\u00e3o da segunda etapa para ent\u00e3o, finalmente, podermos entregar o Centro Cultural F\u00eanix para a popula\u00e7\u00e3o\u201d, ressalta Junior da Femac.<br \/>\nDe acordo com a engenheira civil, Caroline Moreira Souza, respons\u00e1vel pelo acompanhamento da primeira etapa da obra, foram feitas a limpeza de todos os andares do Edif\u00edcio F\u00eanix, instala\u00e7\u00e3o de esquadrias e vidros nas janelas e pintura das fachadas, al\u00e9m da instala\u00e7\u00e3o da fia\u00e7\u00e3o da rede el\u00e9trica. \u201cNa parte superior, havia apenas uma laje e executamos a cobertura com telhas, calhas e rufos\u201d, completa a engenheira.<br \/>\n<strong>SEGUNDA ETAPA \u2013<\/strong> O prefeito de Apucarana afirma que a segunda etapa compreender\u00e1 a finaliza\u00e7\u00e3o dos tr\u00eas andares do Edif\u00edcio F\u00eanix, com a instala\u00e7\u00e3o de piso, pintura, divis\u00f3rias, forro, equipamentos sanit\u00e1rios, lumin\u00e1rias, interruptores e tomadas. \u201cNesta etapa, tamb\u00e9m deveremos incluir a reforma da cobertura do Cine Teatro F\u00eanix, que \u00e9 bastante antiga. J\u00e1 fizemos a cobertura do Edif\u00edcio F\u00eanix, mas ela n\u00e3o est\u00e1 ligada ao pr\u00e9dio que abriga o Cine Teatro F\u00eanix, pois s\u00e3o estruturas constru\u00eddas em n\u00edveis diferentes\u201d, explica Junior da Femac.<\/p>\n","protected":false},"excerpt":{"rendered":"<p>Obra ficou parada por 10 anos e a atual gest\u00e3o redimensionou o projeto, planejando a execu\u00e7\u00e3o em etapas. (Foto: PMA)<\/p>\n","protected":false},"author":4,"featured_media":26750,"comment_status":"closed","ping_status":"open","sticky":false,"template":"","format":"standard","meta":{"footnotes":""},"categories":[24],"tags":[],"class_list":["post-26749","post","type-post","status-publish","format-standard","has-post-thumbnail","hentry","category-noticias"],"acf":[],"_links":{"self":[{"href":"http:\/\/www.apucarana.pr.gov.br\/site\/wp-json\/wp\/v2\/posts\/26749","targetHints":{"allow":["GET"]}}],"collection":[{"href":"http:\/\/www.apucarana.pr.gov.br\/site\/wp-json\/wp\/v2\/posts"}],"about":[{"href":"http:\/\/www.apucarana.pr.gov.br\/site\/wp-json\/wp\/v2\/types\/post"}],"author":[{"embeddable":true,"href":"http:\/\/www.apucarana.pr.gov.br\/site\/wp-json\/wp\/v2\/users\/4"}],"replies":[{"embeddable":true,"href":"http:\/\/www.apucarana.pr.gov.br\/site\/wp-json\/wp\/v2\/comments?post=26749"}],"version-history":[{"count":1,"href":"http:\/\/www.apucarana.pr.gov.br\/site\/wp-json\/wp\/v2\/posts\/26749\/revisions"}],"predecessor-version":[{"id":100125,"href":"http:\/\/www.apucarana.pr.gov.br\/site\/wp-json\/wp\/v2\/posts\/26749\/revisions\/100125"}],"wp:featuredmedia":[{"embeddable":true,"href":"http:\/\/www.apucarana.pr.gov.br\/site\/wp-json\/"}],"wp:attachment":[{"href":"http:\/\/www.apucarana.pr.gov.br\/site\/wp-json\/wp\/v2\/media?parent=26749"}],"wp:term":[{"taxonomy":"category","embeddable":true,"href":"http:\/\/www.apucarana.pr.gov.br\/site\/wp-json\/wp\/v2\/categories?post=26749"},{"taxonomy":"post_tag","embeddable":true,"href":"http:\/\/www.apucarana.pr.gov.br\/site\/wp-json\/wp\/v2\/tags?post=26749"}],"curies":[{"name":"wp","href":"https:\/\/api.w.org\/{rel}","templated":true}]}}