{"id":26746,"date":"2019-09-25T21:53:19","date_gmt":"2019-09-26T00:53:19","guid":{"rendered":"http:\/\/172.16.0.7\/site-antigo\/?p=26746"},"modified":"2024-10-08T09:19:52","modified_gmt":"2024-10-08T12:19:52","slug":"em-brasilia-junior-da-femac-libera-recursos-para-entrega-de-duas-ubss","status":"publish","type":"post","link":"http:\/\/www.apucarana.pr.gov.br\/site\/em-brasilia-junior-da-femac-libera-recursos-para-entrega-de-duas-ubss\/","title":{"rendered":"Em Bras\u00edlia, Junior da Femac libera recursos para entrega de duas UBSs"},"content":{"rendered":"<p>Em audi\u00eancia mantida ontem, em Bras\u00edlia, com equipe t\u00e9cnica do Minist\u00e9rio da sa\u00fade, na companhia do deputado federal S\u00e9rgio Souza (MDB), o prefeito de Apucarana, Junior da Femac, conseguiu resolver a quest\u00e3o de repasses em atraso, referentes \u00e0s obras das Unidades B\u00e1sicas de Sa\u00fade (UBSs) do Residencial Interlagos e do Residencial Fariz Gebrim.<br \/>\nConforme relata o prefeito, no prazo de at\u00e9 10 dias, as parcelas finais dos dois contratos devem ser repassadas pelo Minist\u00e9rio da Sa\u00fade. \u201cAs duas obras est\u00e3o praticamente conclu\u00eddas e at\u00e9 com as medi\u00e7\u00f5es realizadas. A partir de agora, poderemos inaugurar a UBS do Interlagos. J\u00e1 no caso da UBS do Fariz Gebrim, que tamb\u00e9m est\u00e1 pronta, ser\u00e1 preciso aguardar a entrega das casas do novo residencial\u201d, assinalou Junior da Femac.<br \/>\nO deputado federal S\u00e9rgio Souza disse que todos os documentos necess\u00e1rios, em rela\u00e7\u00e3o \u00e0s duas obras, foram entregues e o Minist\u00e9rio da Sa\u00fade ir\u00e1 agora providenciar o pagamento das parcelas finais das duas UBSs. \u201cJ\u00e1 obtivermos o parecer favor\u00e1vel dos t\u00e9cnicos do Minist\u00e9rio da Sa\u00fade e nos pr\u00f3ximos dias os recursos ser\u00e3o liberados\u201d, assegurou Souza.<br \/>\nINVESTIMENTO \u2013 Na UBS Elaine Mazur o investimento total foi de R$ 586 mil, com R$ 408 mil de recursos oriundos de emenda parlamentar do ex-deputado federal Dr. Rosinha, e mais R$ 178 mil de contrapartida do Munic\u00edpio, o pr\u00e9dio da nova UBS do Interlagos foi constru\u00eddo numa \u00e1rea de 2 mil metros quadrados, junto \u00e0 Cristiano Krusmaull. A inaugura\u00e7\u00e3o deve ser agendada para as pr\u00f3ximas semanas,<br \/>\nA nova sede, com 302 m\u00b2 de \u00e1rea edificada, conta com consult\u00f3rio odontol\u00f3gico com dois gabinetes; tr\u00eas consult\u00f3rios m\u00e9dicos, salas de espera, inala\u00e7\u00e3o, estocagem de medicamentos, curativos, vacinas, coletas e de administra\u00e7\u00e3o, al\u00e9m de uma sala maior para atividades do Programa Sa\u00fade da Fam\u00edlia (PSF), sanit\u00e1rios, copa\/cozinha e garagem externa para ambul\u00e2ncia.<br \/>\nA prefeitura de Apucarana tamb\u00e9m concluiu a pavimenta\u00e7\u00e3o das ruas Am\u00e9lia Fonteque e Erm\u00ednio Fernandes que d\u00e3o acesso aos pr\u00e9dios da futura escola e da UBS do Interlagos. Os servi\u00e7os de drenagem, constru\u00e7\u00e3o de meio-fio e a pavimenta\u00e7\u00e3o de 4.5 mil m\u00b2 envolveram um investimento de R$ 352 mil, com recursos pr\u00f3prios do munic\u00edpio. Tamb\u00e9m j\u00e1 foi feita a instala\u00e7\u00e3o da energia el\u00e9trica nestas duas ruas, ao custo de R$ 137 mil.<\/p>\n","protected":false},"excerpt":{"rendered":"<p>Em companhia do deputado S\u00e9rgio Souza, prefeito manteve reuni\u00e3o com t\u00e9cnicos do Minist\u00e9rio da Sa\u00fade (Foto: divulga\u00e7\u00e3o)<\/p>\n","protected":false},"author":4,"featured_media":26747,"comment_status":"closed","ping_status":"open","sticky":false,"template":"","format":"standard","meta":{"footnotes":""},"categories":[24],"tags":[],"class_list":["post-26746","post","type-post","status-publish","format-standard","has-post-thumbnail","hentry","category-noticias"],"acf":[],"_links":{"self":[{"href":"http:\/\/www.apucarana.pr.gov.br\/site\/wp-json\/wp\/v2\/posts\/26746","targetHints":{"allow":["GET"]}}],"collection":[{"href":"http:\/\/www.apucarana.pr.gov.br\/site\/wp-json\/wp\/v2\/posts"}],"about":[{"href":"http:\/\/www.apucarana.pr.gov.br\/site\/wp-json\/wp\/v2\/types\/post"}],"author":[{"embeddable":true,"href":"http:\/\/www.apucarana.pr.gov.br\/site\/wp-json\/wp\/v2\/users\/4"}],"replies":[{"embeddable":true,"href":"http:\/\/www.apucarana.pr.gov.br\/site\/wp-json\/wp\/v2\/comments?post=26746"}],"version-history":[{"count":1,"href":"http:\/\/www.apucarana.pr.gov.br\/site\/wp-json\/wp\/v2\/posts\/26746\/revisions"}],"predecessor-version":[{"id":100126,"href":"http:\/\/www.apucarana.pr.gov.br\/site\/wp-json\/wp\/v2\/posts\/26746\/revisions\/100126"}],"wp:featuredmedia":[{"embeddable":true,"href":"http:\/\/www.apucarana.pr.gov.br\/site\/wp-json\/"}],"wp:attachment":[{"href":"http:\/\/www.apucarana.pr.gov.br\/site\/wp-json\/wp\/v2\/media?parent=26746"}],"wp:term":[{"taxonomy":"category","embeddable":true,"href":"http:\/\/www.apucarana.pr.gov.br\/site\/wp-json\/wp\/v2\/categories?post=26746"},{"taxonomy":"post_tag","embeddable":true,"href":"http:\/\/www.apucarana.pr.gov.br\/site\/wp-json\/wp\/v2\/tags?post=26746"}],"curies":[{"name":"wp","href":"https:\/\/api.w.org\/{rel}","templated":true}]}}