{"id":2674,"date":"2015-03-20T10:48:00","date_gmt":"2015-03-20T10:48:00","guid":{"rendered":"http:\/\/172.16.0.7\/site-antigo\/?p=2674"},"modified":"2024-10-08T09:10:16","modified_gmt":"2024-10-08T12:10:16","slug":"apucarana-recebe-peregrinos-da-rota-da-fe-de-sao-jose","status":"publish","type":"post","link":"http:\/\/www.apucarana.pr.gov.br\/site\/apucarana-recebe-peregrinos-da-rota-da-fe-de-sao-jose\/","title":{"rendered":"Apucarana recebe peregrinos da Rota da F\u00e9 de S\u00e3o Jos\u00e9"},"content":{"rendered":"<\/p>\n<p>Um grupo de cerca de 100 peregrinos da regi\u00e3o de Campo Mour\u00e3o esteve nesta semana em Apucarana. A visita integra a Rota da F\u00e9 de S\u00e3o Jos\u00e9 e fez parte das atividades dedicadas ao Dia de S\u00e3o Jos\u00e9, comemorado na \u00faltima quinta-feira (19 de mar\u00e7o).<\/p>\n<p>De acordo com M\u00e1rio Felipe, coordenador municipal de turismo religioso, o grupo reuniu peregrinos de seis munic\u00edpios: Mambor\u00ea, Quinta do Sol, Roncador, Corumbata\u00ed do Sul, Araruna e Campo Mour\u00e3o. &ldquo;A rota integra dois templos dedicados a S\u00e3o Jos\u00e9. Os peregrinos sa\u00edram da Catedral S\u00e3o Jos\u00e9 em Campo Mour\u00e3o e foram acolhidos no Santu\u00e1rio de S\u00e3o Jos\u00e9, onde pernoitaram&rdquo; , explica M\u00e1rio Felipe.<\/p>\n<p>Em Apucarana, al\u00e9m de participarem da programa\u00e7\u00e3o da Festa de S\u00e3o Jos\u00e9, o grupo conheceu a sala de iconografia no Santu\u00e1rio de S\u00e3o Jos\u00e9, considerado o maior acervo do g\u00eanero do mundo, seja pela quantidade e diversidade das mais de 6 mil imagens em exposi\u00e7\u00e3o. <\/p>\n<p>&ldquo;Os peregrinos tamb\u00e9m aproveitaram para conhecer pontos tur\u00edsticos de Apucarana, como o Parque da Reden\u00e7\u00e3o, o Parque Santo Expedito, o Parque S\u00e3o Francisco, o Parque das Aves e o Parque Jaboti&rdquo;, cita M\u00e1rio Felipe, lembrando que a Rota da F\u00e9 de S\u00e3o Jos\u00e9 foi realizada pela segunda vez consecutiva, sendo um dos resultados do X Congresso Internacional de Turismo Religioso, realizado em 2013 em Apucarana.<\/p>\n<p><\/p>\n","protected":false},"excerpt":{"rendered":"<p>Fi&eacute;is vieram de Mambor&ecirc;, Quinta do Sol, Roncador, Corumbata&iacute; do Sul, Araruna e Campo Mour&atilde;o<\/p>\n","protected":false},"author":4,"featured_media":0,"comment_status":"closed","ping_status":"closed","sticky":false,"template":"","format":"standard","meta":{"footnotes":""},"categories":[24],"tags":[],"class_list":["post-2674","post","type-post","status-publish","format-standard","hentry","category-noticias"],"acf":[],"_links":{"self":[{"href":"http:\/\/www.apucarana.pr.gov.br\/site\/wp-json\/wp\/v2\/posts\/2674","targetHints":{"allow":["GET"]}}],"collection":[{"href":"http:\/\/www.apucarana.pr.gov.br\/site\/wp-json\/wp\/v2\/posts"}],"about":[{"href":"http:\/\/www.apucarana.pr.gov.br\/site\/wp-json\/wp\/v2\/types\/post"}],"author":[{"embeddable":true,"href":"http:\/\/www.apucarana.pr.gov.br\/site\/wp-json\/wp\/v2\/users\/4"}],"replies":[{"embeddable":true,"href":"http:\/\/www.apucarana.pr.gov.br\/site\/wp-json\/wp\/v2\/comments?post=2674"}],"version-history":[{"count":1,"href":"http:\/\/www.apucarana.pr.gov.br\/site\/wp-json\/wp\/v2\/posts\/2674\/revisions"}],"predecessor-version":[{"id":104205,"href":"http:\/\/www.apucarana.pr.gov.br\/site\/wp-json\/wp\/v2\/posts\/2674\/revisions\/104205"}],"wp:attachment":[{"href":"http:\/\/www.apucarana.pr.gov.br\/site\/wp-json\/wp\/v2\/media?parent=2674"}],"wp:term":[{"taxonomy":"category","embeddable":true,"href":"http:\/\/www.apucarana.pr.gov.br\/site\/wp-json\/wp\/v2\/categories?post=2674"},{"taxonomy":"post_tag","embeddable":true,"href":"http:\/\/www.apucarana.pr.gov.br\/site\/wp-json\/wp\/v2\/tags?post=2674"}],"curies":[{"name":"wp","href":"https:\/\/api.w.org\/{rel}","templated":true}]}}