{"id":26735,"date":"2019-09-25T18:56:50","date_gmt":"2019-09-25T21:56:50","guid":{"rendered":"http:\/\/172.16.0.7\/site-antigo\/?p=26735"},"modified":"2024-10-08T09:19:52","modified_gmt":"2024-10-08T12:19:52","slug":"capela-mortuaria-do-pirapo-sera-ampliada","status":"publish","type":"post","link":"http:\/\/www.apucarana.pr.gov.br\/site\/capela-mortuaria-do-pirapo-sera-ampliada\/","title":{"rendered":"Capela Mortu\u00e1ria do Pirap\u00f3 ser\u00e1 ampliada"},"content":{"rendered":"<p>O prefeito J\u00fanior da Femac autorizou nesta quarta-feira (25\/09), em ato no gabinete municipal, o in\u00edcio das obras de reforma da \u00e1rea de 105,41 metros quadrados e amplia\u00e7\u00e3o em 61,90 metros quadrados da Capela Mortu\u00e1ria do Distrito de Pirap\u00f3. Inaugurada no ano de 2004, juntamente com a Pra\u00e7a da Esperan\u00e7a, esta \u00e9 a primeira grande interven\u00e7\u00e3o feita no espa\u00e7o ao longo destes 15 anos. \u201cAl\u00e9m da ampla reforma, com melhorias na cozinha, troca de revestimento, revis\u00e3o da cobertura, do abrigo de entrada e pintura, vamos realizar a remo\u00e7\u00e3o dos banheiros da parte interna e constru\u00ed-los em anexo, resultando em mais espa\u00e7o para a sala de vel\u00f3rios\u201d, informou o prefeito.<br \/>\nA vencedora da licita\u00e7\u00e3o foi a empresa Pires Constru\u00e7\u00f5es e Empreendimentos Ltda, de Apucarana. O valor do investimento \u00e9 de R$109.879,61, com recursos do caixa municipal, sendo R$54.203,46 referente \u00e0s interven\u00e7\u00f5es de reforma e R$55.676,15 \u00e0 amplia\u00e7\u00e3o. O prazo para execu\u00e7\u00e3o dos servi\u00e7os \u00e9 de at\u00e9 150 dias. \u201cQuero aqui destacar a luta do vereador Poim por esta e outras obras para o distrito. Pode existir uma pessoa que ame o Pirap\u00f3, mas mais que o Poim n\u00e3o h\u00e1\u201d, enalteceu J\u00fanior. \u201cO Pirap\u00f3 tem uma capela muito acanhada, mas com essas melhorias ganhar\u00e1 um novo espa\u00e7o, que vai atender melhor \u00e0s necessidades da comunidade\u201d, frisou o prefeito.<br \/>\nMorador do Distrito de Pirap\u00f3, Carlos C\u00e9sar Bovo, agradeceu o investimento liberado pela prefeitura. \u201cAntes do prefeito Beto Preto e agora com o J\u00fanior da Femac, Apucarana caminhava devagar, igual a um fusca. Hoje a gente anda por toda a cidade e v\u00ea que tudo est\u00e1 evoluindo rapidamente, na velocidade de uma Ferrari\u201d, comparou. O vereador Poim parabenizou o planejamento e reafirmou o apoio dos nove vereadores da base ao trabalho que vem sendo desenvolvido. \u201cAs pessoas hoje enxergam na prefeitura pessoas de car\u00e1ter, que n\u00e3o vendem sonhos, mas sim realidades. Uma gest\u00e3o transparente com prefeito e secret\u00e1rios, que amam a cidade. Uma prefeitura de gabinete aberto. N\u00e3o s\u00f3 o Pirap\u00f3, mas a cidade toda ganhou muito com esta gest\u00e3o Beto Preto\/J\u00fanior da Femac, por isto podem contar sempre com os vereadores da base\u201d, pontuou Poim.<br \/>\nDurante o ato, que contou com a presen\u00e7a do diretor-presidente da Autarquia dos Servi\u00e7os Funer\u00e1rios de Apucarana (Aserfa), Marcos Bueno, dos vereadores Francisley \u201cPoim\u201d Godoi e M\u00e1rcia Sousa, do secret\u00e1rio Municipal de Obras, Herilvelto Moreno e moradores do Distrito de Pirap\u00f3, o prefeito J\u00fanior da Femac revelou projetos para a constru\u00e7\u00e3o de mais capelas mortu\u00e1rias.<br \/>\n\u201cMinha miss\u00e3o \u00e9 dar continuidade ao planejamento da Gest\u00e3o Beto Preto. Temos aqui a presen\u00e7a da vereadora M\u00e1rcia, que tem um carinho muito grande por esta regi\u00e3o, ent\u00e3o assumo hoje o compromisso de viabilizar uma capela mortu\u00e1ria em \u00e1rea entre o Jardim Colonial e o Residencial Sumatra. No Distrito de Correia de Freitas a igreja tamb\u00e9m quer nos disponibilizar uma \u00e1rea e estamos estudando a possibilidade, assim como para o Distrito de Caixa de S\u00e3o Pedro, cuja constru\u00e7\u00e3o de uma capela mortu\u00e1ria tamb\u00e9m \u00e9 uma vontade da administra\u00e7\u00e3o municipal\u201d, disse J\u00fanior da Femac. Na sequ\u00eancia da edifica\u00e7\u00e3o das capelas, o planejamento prev\u00ea a constru\u00e7\u00e3o da sede pr\u00f3pria da Aserfa. \u201cAinda n\u00e3o h\u00e1 uma defini\u00e7\u00e3o do local. Pode ser junto \u00e0 capela central, n\u00e3o sabemos ainda, mas certamente ser\u00e1 um projeto arquitet\u00f4nico moderno, com tudo de melhor que pode ser oferecido para este tipo de servi\u00e7o\u201d, conclui o prefeito.<br \/>\nRealiza\u00e7\u00f5es \u2013 O prefeito J\u00fanior da Femac aproveitou a solenidade para lembrar de todo o planejamento da gest\u00e3o no setor dos servi\u00e7os funer\u00e1rios. \u201cEm 2013, no in\u00edcio do mandato o Beto Preto adotou uma postura corajosa e republicou toda a normativa que municipalizou, em 1989, os servi\u00e7os funer\u00e1rios em Apucarana. Uma coisa incr\u00edvel, que acabou com a disputa por caix\u00e3o em nossa cidade, pois no momento mais dif\u00edcil para uma fam\u00edlia, que \u00e9 a perda de um ente, n\u00e3o pode imperar o dinheiro mais sim a humanidade. Com a municipaliza\u00e7\u00e3o podemos oferecer um servi\u00e7o de baixo custo\u201d, destacou o prefeito.<br \/>\nJ\u00fanior salientou ainda que a partir de ent\u00e3o a gest\u00e3o Beto Preto deu andamento a uma s\u00e9rie de outras realiza\u00e7\u00f5es. \u201cAdequamos nossos cemit\u00e9rios de acordo com as normas do IAP, constru\u00edmos as capelas mortu\u00e1rias do Jardim Ponta Grossa e do Distrito de Vila Reis, adquirimos o terreno e fizemos projeto do novo cemit\u00e9rio municipal (Morada da Paz), que vamos licitar a constru\u00e7\u00e3o em breve, e promovemos uma ampla reforma e amplia\u00e7\u00e3o da capela mortu\u00e1ria central, cujas obras est\u00e3o na reta final\u201d, concluiu.<\/p>\n","protected":false},"excerpt":{"rendered":"<p>Durante o ato, que aconteceu no gabinete municipal, o prefeito J\u00fanior da Femac revelou projetos para a constru\u00e7\u00e3o de mais capelas mortu\u00e1rias (Foto: PMA)<\/p>\n","protected":false},"author":4,"featured_media":26744,"comment_status":"closed","ping_status":"open","sticky":false,"template":"","format":"standard","meta":{"footnotes":""},"categories":[24],"tags":[],"class_list":["post-26735","post","type-post","status-publish","format-standard","has-post-thumbnail","hentry","category-noticias"],"acf":[],"_links":{"self":[{"href":"http:\/\/www.apucarana.pr.gov.br\/site\/wp-json\/wp\/v2\/posts\/26735","targetHints":{"allow":["GET"]}}],"collection":[{"href":"http:\/\/www.apucarana.pr.gov.br\/site\/wp-json\/wp\/v2\/posts"}],"about":[{"href":"http:\/\/www.apucarana.pr.gov.br\/site\/wp-json\/wp\/v2\/types\/post"}],"author":[{"embeddable":true,"href":"http:\/\/www.apucarana.pr.gov.br\/site\/wp-json\/wp\/v2\/users\/4"}],"replies":[{"embeddable":true,"href":"http:\/\/www.apucarana.pr.gov.br\/site\/wp-json\/wp\/v2\/comments?post=26735"}],"version-history":[{"count":1,"href":"http:\/\/www.apucarana.pr.gov.br\/site\/wp-json\/wp\/v2\/posts\/26735\/revisions"}],"predecessor-version":[{"id":100127,"href":"http:\/\/www.apucarana.pr.gov.br\/site\/wp-json\/wp\/v2\/posts\/26735\/revisions\/100127"}],"wp:featuredmedia":[{"embeddable":true,"href":"http:\/\/www.apucarana.pr.gov.br\/site\/wp-json\/"}],"wp:attachment":[{"href":"http:\/\/www.apucarana.pr.gov.br\/site\/wp-json\/wp\/v2\/media?parent=26735"}],"wp:term":[{"taxonomy":"category","embeddable":true,"href":"http:\/\/www.apucarana.pr.gov.br\/site\/wp-json\/wp\/v2\/categories?post=26735"},{"taxonomy":"post_tag","embeddable":true,"href":"http:\/\/www.apucarana.pr.gov.br\/site\/wp-json\/wp\/v2\/tags?post=26735"}],"curies":[{"name":"wp","href":"https:\/\/api.w.org\/{rel}","templated":true}]}}