{"id":26732,"date":"2019-09-25T18:03:30","date_gmt":"2019-09-25T21:03:30","guid":{"rendered":"http:\/\/172.16.0.7\/site-antigo\/?p=26732"},"modified":"2024-10-08T09:19:53","modified_gmt":"2024-10-08T12:19:53","slug":"encontro-reunira-mais-de-60-escritores-em-apucarana","status":"publish","type":"post","link":"http:\/\/www.apucarana.pr.gov.br\/site\/encontro-reunira-mais-de-60-escritores-em-apucarana\/","title":{"rendered":"Encontro reunir\u00e1 mais de 60 escritores em Apucarana"},"content":{"rendered":"<p>Finalizando a Semana Liter\u00e1ria do Sesc, acontece nesta sexta-feira (27\/09), a partir das 20 horas, no gin\u00e1sio do Sesc Apucarana, o II Encontro de Escritores de Apucarana e Regi\u00e3o. O evento vai contar com palestra de Oscar Nakasato. Vencedor dos pr\u00eamios Benvir\u00e1, Nikkei-Bunkyo e Jaboti com o romance \u201cNihonjin\u201d, Nakasato \u00e9 mestre em teoria liter\u00e1ria e literatura comparada e doutor em literatura brasileira.<br \/>\nUma realiza\u00e7\u00e3o conjunto entre Sesc, Sistema Fecom\u00e9rcio PR e Secretaria da Promo\u00e7\u00e3o Art\u00edstica, Cultural e Tur\u00edstica da Prefeitura de Apucarana (Promatur). \u201cNo ano passado, no hall do Cine Teatro F\u00eanix, realizamos o primeiro e como tivemos grande procura de escritores de fora, resolvemos fazer este segundo encontro, incluindo tamb\u00e9m autores da regi\u00e3o\u201d, relata professor Maria Agar Borba, secret\u00e1ria da Promatur.<br \/>\nEst\u00e3o confirmados no evento mais de 60 escritores de Apucarana, Arapongas, Faxinal, Nova Santa B\u00e1rbara, Camb\u00e9, S\u00e3o Jos\u00e9 do Iva\u00ed, Rio Bom, Jandaia do Sul, Ivaipor\u00e3 e tamb\u00e9m de Maring\u00e1. \u201cAl\u00e9m da palestra teremos roda de conversas e exposi\u00e7\u00e3o de obras. Um espa\u00e7o de intera\u00e7\u00e3o e troca de conhecimentos. Um evento muito bonito, aberto e totalmente gratuito a toda popula\u00e7\u00e3o interessada\u201d, conclui Maria Agar. Mais informa\u00e7\u00f5es podem ser obtidas pelo telefone 3423-2944.<\/p>\n","protected":false},"excerpt":{"rendered":"<p>Evento \u00e9 uma realiza\u00e7\u00e3o conjunto entre Sesc, Sistema Fecom\u00e9rcio PR e Secretaria da Promo\u00e7\u00e3o Art\u00edstica, Cultural e Tur\u00edstica da Prefeitura de Apucarana (Promatur)<\/p>\n","protected":false},"author":4,"featured_media":26733,"comment_status":"closed","ping_status":"open","sticky":false,"template":"","format":"standard","meta":{"footnotes":""},"categories":[24],"tags":[],"class_list":["post-26732","post","type-post","status-publish","format-standard","has-post-thumbnail","hentry","category-noticias"],"acf":[],"_links":{"self":[{"href":"http:\/\/www.apucarana.pr.gov.br\/site\/wp-json\/wp\/v2\/posts\/26732","targetHints":{"allow":["GET"]}}],"collection":[{"href":"http:\/\/www.apucarana.pr.gov.br\/site\/wp-json\/wp\/v2\/posts"}],"about":[{"href":"http:\/\/www.apucarana.pr.gov.br\/site\/wp-json\/wp\/v2\/types\/post"}],"author":[{"embeddable":true,"href":"http:\/\/www.apucarana.pr.gov.br\/site\/wp-json\/wp\/v2\/users\/4"}],"replies":[{"embeddable":true,"href":"http:\/\/www.apucarana.pr.gov.br\/site\/wp-json\/wp\/v2\/comments?post=26732"}],"version-history":[{"count":1,"href":"http:\/\/www.apucarana.pr.gov.br\/site\/wp-json\/wp\/v2\/posts\/26732\/revisions"}],"predecessor-version":[{"id":100128,"href":"http:\/\/www.apucarana.pr.gov.br\/site\/wp-json\/wp\/v2\/posts\/26732\/revisions\/100128"}],"wp:featuredmedia":[{"embeddable":true,"href":"http:\/\/www.apucarana.pr.gov.br\/site\/wp-json\/"}],"wp:attachment":[{"href":"http:\/\/www.apucarana.pr.gov.br\/site\/wp-json\/wp\/v2\/media?parent=26732"}],"wp:term":[{"taxonomy":"category","embeddable":true,"href":"http:\/\/www.apucarana.pr.gov.br\/site\/wp-json\/wp\/v2\/categories?post=26732"},{"taxonomy":"post_tag","embeddable":true,"href":"http:\/\/www.apucarana.pr.gov.br\/site\/wp-json\/wp\/v2\/tags?post=26732"}],"curies":[{"name":"wp","href":"https:\/\/api.w.org\/{rel}","templated":true}]}}