{"id":2673,"date":"2015-03-19T17:42:59","date_gmt":"2015-03-19T17:42:59","guid":{"rendered":"http:\/\/172.16.0.7\/site-antigo\/?p=2673"},"modified":"2024-10-08T09:10:16","modified_gmt":"2024-10-08T12:10:16","slug":"utfpr-e-prefeitura-firmam-parceria-para-capacitacao-de-professores","status":"publish","type":"post","link":"http:\/\/www.apucarana.pr.gov.br\/site\/utfpr-e-prefeitura-firmam-parceria-para-capacitacao-de-professores\/","title":{"rendered":"UTFPR e prefeitura firmam parceria para capacita\u00e7\u00e3o de professores"},"content":{"rendered":"<p><span style=\"letter-spacing: -0.02em; line-height: 1.45em; background-color: initial;\">Atrav\u00e9s de parceria firmada com a prefeitura, a Universidade Tecnol\u00f3gica Federal do Paran\u00e1 (UTFPR), campus de Apucarana, intensificar\u00e1 uma a\u00e7\u00e3o de capacita\u00e7\u00e3o que vem desenvolvendo desde o ano passado junto aos professores da rede municipal de ensino. A proposta visa levar aos educadores alternativas metodol\u00f3gicas e did\u00e1ticas, com conte\u00fado l\u00fadico, para trabalhar diferentes conceitos em diversas disciplinasna sala de aula.<\/span><\/p>\n<p>O trabalho da UTFPR junto das escolas municipais faz parte do Programa Novos Talentos, financiado pelo Governo Federal, que repassou a institui\u00e7\u00e3o recursos da ordem de pouco mais de R$ 122 mil para desenvolver uma atividade voltada \u00e0 forma\u00e7\u00e3o continuada para professores da educa\u00e7\u00e3o b\u00e1sica da rede p\u00fablica de ensino.<\/p>\n<p>Coordenada pelo professor Ivan Jos\u00e9 Coser, uma equipe de docentes e t\u00e9cnicos administrativos da UTFPR preparou um projeto que contempla oficinas de capacita\u00e7\u00e3o nas \u00e1reas de ci\u00eancias, matem\u00e1tica e cultura. Na oficina de Ensino de Geometria com aux\u00edlio do <i>software <\/i>Geogebra, por exemplo, \u00e9 ensinado aos professores como usar os recursos de inform\u00e1tica no ensino da Geometria. &ldquo;Al\u00e9m da instru\u00e7\u00e3o, os docentes recebem alguns materiais que poder\u00e3o ser utilizados pelos professores em suas aulas&rdquo;, observa Ivan Jos\u00e9 Coser.<\/p>\n<p>A capacita\u00e7\u00e3o dos professores envolve a participa\u00e7\u00e3o em um ciclo de oito oficinas e novos grupos, com uma m\u00e9dia de 40 integrantes, s\u00e3o compostos de forma cont\u00ednua. &ldquo;Agradecemos e recebemos com muito apre\u00e7o toda iniciativa que venha agregar conhecimento aos nossos educadores&rdquo;, disse o prefeito Beto Preto. O evento que renovou a parceria entre o munic\u00edpio, atrav\u00e9s da Autarquia Municipal de Educa\u00e7\u00e3o, teve a presen\u00e7a do diretor geral do c&acirc;mpus Apucarana da UTFPR em Apucarana, professor Aloysio Gomes de Souza Filho, do coordenador geral do Projeto Novos Talentos na institui\u00e7\u00e3o, Professor Ivan Coser, do subcoordenador do Projeto Novos Talentos, professor Marcelo Ferreira da Silva e da secret\u00e1ria municipal da Educa\u00e7\u00e3o Marli Regina da Silva. <\/p>\n<p>Na ocasi\u00e3o, o diretor do c&acirc;mpus Apucarana da UTFPR, Aloysio Gomes de Souza Filho, entregou ao prefeito Beto Preto convite para aula inaugural do curso de engenharia civil, marcada para amanh\u00e3 (20) \u00e0s 9 horas, no audit\u00f3rio do c&acirc;mpus Apucarana da UTFPR. <\/p>\n<\/p>\n<p><\/p>\n","protected":false},"excerpt":{"rendered":"<p>Proposta visa levar aos educadores alternativas metodol&oacute;gicas e did&aacute;ticas, com conte&uacute;do l&uacute;dico, para trabalhar diferentes conceitos em diversas disciplinasna sala de aula<\/p>\n","protected":false},"author":4,"featured_media":0,"comment_status":"closed","ping_status":"closed","sticky":false,"template":"","format":"standard","meta":{"footnotes":""},"categories":[24],"tags":[],"class_list":["post-2673","post","type-post","status-publish","format-standard","hentry","category-noticias"],"acf":[],"_links":{"self":[{"href":"http:\/\/www.apucarana.pr.gov.br\/site\/wp-json\/wp\/v2\/posts\/2673","targetHints":{"allow":["GET"]}}],"collection":[{"href":"http:\/\/www.apucarana.pr.gov.br\/site\/wp-json\/wp\/v2\/posts"}],"about":[{"href":"http:\/\/www.apucarana.pr.gov.br\/site\/wp-json\/wp\/v2\/types\/post"}],"author":[{"embeddable":true,"href":"http:\/\/www.apucarana.pr.gov.br\/site\/wp-json\/wp\/v2\/users\/4"}],"replies":[{"embeddable":true,"href":"http:\/\/www.apucarana.pr.gov.br\/site\/wp-json\/wp\/v2\/comments?post=2673"}],"version-history":[{"count":1,"href":"http:\/\/www.apucarana.pr.gov.br\/site\/wp-json\/wp\/v2\/posts\/2673\/revisions"}],"predecessor-version":[{"id":104206,"href":"http:\/\/www.apucarana.pr.gov.br\/site\/wp-json\/wp\/v2\/posts\/2673\/revisions\/104206"}],"wp:attachment":[{"href":"http:\/\/www.apucarana.pr.gov.br\/site\/wp-json\/wp\/v2\/media?parent=2673"}],"wp:term":[{"taxonomy":"category","embeddable":true,"href":"http:\/\/www.apucarana.pr.gov.br\/site\/wp-json\/wp\/v2\/categories?post=2673"},{"taxonomy":"post_tag","embeddable":true,"href":"http:\/\/www.apucarana.pr.gov.br\/site\/wp-json\/wp\/v2\/tags?post=2673"}],"curies":[{"name":"wp","href":"https:\/\/api.w.org\/{rel}","templated":true}]}}