{"id":26728,"date":"2019-09-25T18:00:26","date_gmt":"2019-09-25T21:00:26","guid":{"rendered":"http:\/\/172.16.0.7\/site-antigo\/?p=26728"},"modified":"2024-10-08T09:19:53","modified_gmt":"2024-10-08T12:19:53","slug":"idosos-recebem-atencao-especializada-em-apucarana","status":"publish","type":"post","link":"http:\/\/www.apucarana.pr.gov.br\/site\/idosos-recebem-atencao-especializada-em-apucarana\/","title":{"rendered":"Idosos recebem aten\u00e7\u00e3o especializada em Apucarana"},"content":{"rendered":"<p>Espa\u00e7o p\u00fablico de aten\u00e7\u00e3o e inclus\u00e3o social, o Centro de Conviv\u00eancia do Idoso de Apucarana atende mensalmente cerca de 200 apucaranenses. No espa\u00e7o, localizado no Jardim Aeroporto, s\u00e3o oferecidas atividades dentro das pol\u00edticas p\u00fablicas nas \u00e1reas da assist\u00eancia social, educa\u00e7\u00e3o, esporte e lazer, sa\u00fade, cultura, seguran\u00e7a, economia solid\u00e1ria, entre outras. \u201cOs idosos s\u00e3o prioridade na gest\u00e3o Beto Preto. Estamos na quarta gera\u00e7\u00e3o de apucaranenses e devemos cuidar muito bem de quem fez a hist\u00f3ria acontecer nestes 75 anos\u201d, destaca o prefeito J\u00fanior da Femac.<br \/>\nO Centro de Conviv\u00eancia do Idoso funciona de segunda a sexta-feira, das 8 \u00e0s 17 horas. Segundo informa a secret\u00e1ria Municipal da Assist\u00eancia Social, Ana Paula Nazarko, \u00e0s segundas e quartas-feira, a partir das 9 horas, acontecem aula de dan\u00e7as populares, a\u00e7\u00e3o desenvolvida em parceria com Secretaria Municipal de Esportes. \u201c\u00c0s ter\u00e7as, quartas e sextas-feiras, a partir das 8 horas, em conjunto com profissionais da Resid\u00eancia Multiprofissional da Autarquia Municipal de Sa\u00fade (AMS), oferecemos atividades f\u00edsicas\u201d, relata Nazarko. \u00c0s ter\u00e7as-feiras, a partir das 13 horas, com trabalho de um educador f\u00edsico, \u00e9 realizada a \u201caula da coluna\u201d que consiste em exerc\u00edcios e orienta\u00e7\u00f5es de postura.<br \/>\nO ponto alto das atividades de recrea\u00e7\u00e3o acontece \u00e0s quartas-feiras, a partir das 13 horas, com o baile. \u201cTodas as semanas a atra\u00e7\u00e3o re\u00fane mais de 150 idosos de v\u00e1rias regi\u00f5es de Apucarana, promovendo um momento de confraterniza\u00e7\u00e3o e estreitamento de la\u00e7os\u201d, assinala a secret\u00e1ria Ana Paula.<br \/>\nDuas vezes por semana, profissionais da assist\u00eancia social e da psicologia, vinculados ao Centro de Refer\u00eancia Especializado da Assist\u00eancia Social (CREAS), realizam um trabalho de orienta\u00e7\u00e3o e atendimento dentro da \u00e1rea de prote\u00e7\u00e3o ao idoso e tamb\u00e9m \u00e0 pessoa com defici\u00eancia. \u201cUma equipe preparada para atender den\u00fancias e casos de maus-tratos, neglig\u00eancia, abandono, entre outras quest\u00f5es\u201d, relata Nazarko.<br \/>\nTamb\u00e9m no local s\u00e3o realizadas as atividades do Centro Dia. \u201cTrata-se de um programa muito importante, onde a assist\u00eancia social busca os idosos, atualmente s\u00e3o 21, para passar todo o dia recebendo aten\u00e7\u00e3o especializada e, no final do dia, os devolvem ao lar\u201d, explica a secret\u00e1ria. Segundo ela, a gest\u00e3o Beto Preto e J\u00fanior da Femac mant\u00e9m ainda mais de 40 Grupos Conviver, que s\u00e3o espa\u00e7os de aten\u00e7\u00e3o que funcionam nos bairros. \u201cS\u00e3o mais de mil idosos beneficiados com atividades semanais de conv\u00edvio e fortalecimento de v\u00ednculos\u201d, destaca.<br \/>\nPara melhor acolher os idosos, o prefeito J\u00fanior da Femac lembra que recentemente a sede do centro de conviv\u00eancia passou por ampla reforma. \u201cRevitalizamos os cerca de 700 metros quadrados de \u00e1rea constru\u00edda e tamb\u00e9m a parte externa, que conta com ampla \u00e1rea de lazer composta por quadra poliesportiva, campo gramado, churrasqueira, varanda e uma piscina, que em breve tamb\u00e9m ser\u00e1 reformada\u201d, detalha o prefeito. O investimento total nas melhorias foi na ordem de R$ 275 mil, foi feito via Fundo Municipal do Idoso &#8211; com R$150 mil conquistados pelo Conselho Municipal dos Diretos da Pessoa Idosa de Apucarana (CMDPI) junto \u00e0 Funda\u00e7\u00e3o Ita\u00fa Social &#8211; , mais R$125 mil de contrapartida municipal.<br \/>\nPrefeitura prepara programa\u00e7\u00e3o da \u201cSemana do Idoso\u201d<br \/>\nA equipe do Centro de Conviv\u00eancia do Idoso est\u00e1 preparando um m\u00eas de atividades em comemora\u00e7\u00e3o a Semana Nacional do Idoso e Projeto Viver 80. O in\u00edcio das a\u00e7\u00f5es acontece no dia 7 de outubro, a partir das 13 horas, com um bate papo sobre redes sociais na sede da unidade.<br \/>\n\u201cDurante todo o m\u00eas de outubro, que se divide em Outubro Rosa e Semana do Idoso, os participantes dos bailes de quarta-feira e das atividades di\u00e1rias receber\u00e3o palestras, atendimentos e testes r\u00e1pidos de sa\u00fade\u201d, informa o prefeito J\u00fanior da Femac. A finaliza\u00e7\u00e3o das festividades do m\u00eas ser\u00e1 coroada com o \u201cBaile da Primavera\u201d, onde ser\u00e3o corados o \u201cRei\u201d e a \u201cRainha da Primavera\u201d.<br \/>\nServi\u00e7o \u2013 O Centro de Conviv\u00eancia do Idoso fica na Avenida Avia\u00e7\u00e3o, 2675 \u2013 Jardim Aeroporto. Contato no local pode ser feito pelo telefone 3423-5453 ou e-mail: cciapuc@apucarana.pr.gov.br.<\/p>\n","protected":false},"excerpt":{"rendered":"<p>Em centro especializado administrado pela Secretaria Municipal da Assist\u00eancia Social, apucaranenses da terceira idade encontram pol\u00edticas p\u00fablicas em diversas \u00e1reas (Foto: PMA)<\/p>\n","protected":false},"author":4,"featured_media":26729,"comment_status":"closed","ping_status":"open","sticky":false,"template":"","format":"standard","meta":{"footnotes":""},"categories":[24],"tags":[],"class_list":["post-26728","post","type-post","status-publish","format-standard","has-post-thumbnail","hentry","category-noticias"],"acf":[],"_links":{"self":[{"href":"http:\/\/www.apucarana.pr.gov.br\/site\/wp-json\/wp\/v2\/posts\/26728","targetHints":{"allow":["GET"]}}],"collection":[{"href":"http:\/\/www.apucarana.pr.gov.br\/site\/wp-json\/wp\/v2\/posts"}],"about":[{"href":"http:\/\/www.apucarana.pr.gov.br\/site\/wp-json\/wp\/v2\/types\/post"}],"author":[{"embeddable":true,"href":"http:\/\/www.apucarana.pr.gov.br\/site\/wp-json\/wp\/v2\/users\/4"}],"replies":[{"embeddable":true,"href":"http:\/\/www.apucarana.pr.gov.br\/site\/wp-json\/wp\/v2\/comments?post=26728"}],"version-history":[{"count":1,"href":"http:\/\/www.apucarana.pr.gov.br\/site\/wp-json\/wp\/v2\/posts\/26728\/revisions"}],"predecessor-version":[{"id":100129,"href":"http:\/\/www.apucarana.pr.gov.br\/site\/wp-json\/wp\/v2\/posts\/26728\/revisions\/100129"}],"wp:featuredmedia":[{"embeddable":true,"href":"http:\/\/www.apucarana.pr.gov.br\/site\/wp-json\/"}],"wp:attachment":[{"href":"http:\/\/www.apucarana.pr.gov.br\/site\/wp-json\/wp\/v2\/media?parent=26728"}],"wp:term":[{"taxonomy":"category","embeddable":true,"href":"http:\/\/www.apucarana.pr.gov.br\/site\/wp-json\/wp\/v2\/categories?post=26728"},{"taxonomy":"post_tag","embeddable":true,"href":"http:\/\/www.apucarana.pr.gov.br\/site\/wp-json\/wp\/v2\/tags?post=26728"}],"curies":[{"name":"wp","href":"https:\/\/api.w.org\/{rel}","templated":true}]}}