{"id":26723,"date":"2019-09-25T11:56:01","date_gmt":"2019-09-25T14:56:01","guid":{"rendered":"http:\/\/172.16.0.7\/site-antigo\/?p=26723"},"modified":"2024-10-08T09:19:53","modified_gmt":"2024-10-08T12:19:53","slug":"prefeitura-recupera-estradas-na-regiao-do-barreiro","status":"publish","type":"post","link":"http:\/\/www.apucarana.pr.gov.br\/site\/prefeitura-recupera-estradas-na-regiao-do-barreiro\/","title":{"rendered":"Prefeitura recupera estradas na regi\u00e3o do Barreiro"},"content":{"rendered":"<p>A equipe da patrulha mecanizada rural da Prefeitura de Apucarana est\u00e1 atuando na recupera\u00e7\u00e3o de estradas rurais na regi\u00e3o do Patrim\u00f4nio do Barreiro. \u00a0A frente permanecer\u00e1 \u00a0neste local pelos pr\u00f3ximos 30 dias, onde promover\u00e1 melhorias em cinco estradas rurais.<br \/>\nDe acordo com o prefeito de Apucarana, Junior da Femac, somente neste ano foram recuperados mais de 200 quil\u00f4metros de estradas. \u201cOs trabalhos seguem um cronograma elaborado pela Secretaria Municipal de Servi\u00e7os P\u00fablicos e j\u00e1 beneficiaram diversas comunidades rurais, localizadas nas regi\u00f5es do Xaxim, Rio do Cerne, Correia de Freitas, Vila Reis, S\u00e3o Domingos, Pirap\u00f3 e Caixa de S\u00e3o Pedro\u201d, cita Junior da Femac.<br \/>\nNos pr\u00f3ximos dias, conforme o prefeito, os trabalhos ser\u00e3o concentrados na regi\u00e3o do Barreiro, onde ser\u00e3o recuperados cerca de 20 quil\u00f4metros de estradas. \u201cEsses servi\u00e7os vem atendendo diversas regi\u00f5es do Munic\u00edpio, garantindo o transporte de insumos e o escoamento da produ\u00e7\u00e3o\u201d, reitera o prefeito.<br \/>\nSegundo Mauro Toshio Kitano, diretor do Departamento Municipal de Estradas Rurais, atualmente a equipe da Prefeitura est\u00e1 trabalhando simultaneamente em dois locais no Patrim\u00f4nio do Barreiro. \u201cEstamos fazendo o cascalhamento\u00a0 da Estrada P\u00e9 de Galinha e, ao mesmo tempo, j\u00e1 iniciamos os trabalhos de limpeza, execu\u00e7\u00e3o de bigodes e caixas de reten\u00e7\u00e3o de \u00e1gua na Estrada dos Setenta\u201d, cita.<br \/>\nNa sequ\u00eancia, a equipe atuar\u00e1 na recupera\u00e7\u00e3o da estrada localizada no assentamento do Banco da Terra, na Estrada da Fazenda Val\u00e9ria e na Estrada do Cunha. \u201cDeveremos permanecer nesta regi\u00e3o por cerca de 30 dias e depois a equipe ser\u00e1 deslocada para outra regi\u00e3o, seguindo o cronograma de obras\u201d, frisa Toshio.<br \/>\nDe acordo com o diretor municipal, a patrulha mecanizada rural \u00e9 composta por 15 funcion\u00e1rios e diversos maquin\u00e1rios, como caminh\u00f5es, p\u00e1 carregadeira, rolo compressor, motoniveladora, retroescavadeira hidr\u00e1ulica e trator esteira.<\/p>\n","protected":false},"excerpt":{"rendered":"<p>Atualmente, os trabalhos est\u00e3o concentrados na regi\u00e3o do Barreiro, onde ser\u00e3o recuperados cerca de 20 quil\u00f4metros de estradas. (Foto: PMA)<\/p>\n","protected":false},"author":4,"featured_media":26725,"comment_status":"closed","ping_status":"open","sticky":false,"template":"","format":"standard","meta":{"footnotes":""},"categories":[24],"tags":[],"class_list":["post-26723","post","type-post","status-publish","format-standard","has-post-thumbnail","hentry","category-noticias"],"acf":[],"_links":{"self":[{"href":"http:\/\/www.apucarana.pr.gov.br\/site\/wp-json\/wp\/v2\/posts\/26723","targetHints":{"allow":["GET"]}}],"collection":[{"href":"http:\/\/www.apucarana.pr.gov.br\/site\/wp-json\/wp\/v2\/posts"}],"about":[{"href":"http:\/\/www.apucarana.pr.gov.br\/site\/wp-json\/wp\/v2\/types\/post"}],"author":[{"embeddable":true,"href":"http:\/\/www.apucarana.pr.gov.br\/site\/wp-json\/wp\/v2\/users\/4"}],"replies":[{"embeddable":true,"href":"http:\/\/www.apucarana.pr.gov.br\/site\/wp-json\/wp\/v2\/comments?post=26723"}],"version-history":[{"count":1,"href":"http:\/\/www.apucarana.pr.gov.br\/site\/wp-json\/wp\/v2\/posts\/26723\/revisions"}],"predecessor-version":[{"id":100130,"href":"http:\/\/www.apucarana.pr.gov.br\/site\/wp-json\/wp\/v2\/posts\/26723\/revisions\/100130"}],"wp:featuredmedia":[{"embeddable":true,"href":"http:\/\/www.apucarana.pr.gov.br\/site\/wp-json\/"}],"wp:attachment":[{"href":"http:\/\/www.apucarana.pr.gov.br\/site\/wp-json\/wp\/v2\/media?parent=26723"}],"wp:term":[{"taxonomy":"category","embeddable":true,"href":"http:\/\/www.apucarana.pr.gov.br\/site\/wp-json\/wp\/v2\/categories?post=26723"},{"taxonomy":"post_tag","embeddable":true,"href":"http:\/\/www.apucarana.pr.gov.br\/site\/wp-json\/wp\/v2\/tags?post=26723"}],"curies":[{"name":"wp","href":"https:\/\/api.w.org\/{rel}","templated":true}]}}