{"id":2672,"date":"2015-03-19T16:21:00","date_gmt":"2015-03-19T16:21:00","guid":{"rendered":"http:\/\/172.16.0.7\/site-antigo\/?p=2672"},"modified":"2024-10-08T09:10:16","modified_gmt":"2024-10-08T12:10:16","slug":"beto-preto-recebe-convite-para-2-expo-mandaguari","status":"publish","type":"post","link":"http:\/\/www.apucarana.pr.gov.br\/site\/beto-preto-recebe-convite-para-2-expo-mandaguari\/","title":{"rendered":"Beto Preto recebe convite para 2\u00aa Expo Mandaguari"},"content":{"rendered":"<p><h2><span style=\"color: rgb(51, 51, 51); font-family: Arial, Helvetica, Verdana, Tahoma, sans-serif; font-size: 15px; letter-spacing: -0.02em; line-height: 1.45em; background-color: initial;\">O prefeito de Apucarana, Beto Preto (PT), recebeu nesta quinta-feira (19\/03) a visita do prefeito de Mandaguari, Romualdo Batista (Batist\u00e3o), tamb\u00e9m do Partido dos Trabalhadores. Acompanhado de seu secret\u00e1rio de Obras, &Eacute;lvis C\u00e1ssio de Souza e do produtor de eventos, Hiran Pelossi, Batist\u00e3o convidou Beto e o secret\u00e1rio de Governo, Dr. S\u00e9rgio Luiz Barroso, para prestigiar a 2\u00aa Expo Mandaguari, que acontece do dia 30 de abril a 4 de maio, no centro de exposi\u00e7\u00f5es, dentro das festividades de 78 anos do munic\u00edpio.<br \/><\/span><span style=\"color: rgb(51, 51, 51); font-family: Arial, Helvetica, Verdana, Tahoma, sans-serif; font-size: 15px; letter-spacing: -0.02em; line-height: 1.45em; background-color: initial;\"><br \/>&ldquo;Neste convite que fa\u00e7o ao prefeito Beto Preto aproveito para convidar a toda popula\u00e7\u00e3o de Apucarana e regi\u00e3o para participar conosco. A<\/span><span style=\"color: rgb(51, 51, 51); font-family: Arial, Helvetica, Verdana, Tahoma, sans-serif; font-size: 15px; letter-spacing: -0.02em; line-height: 1.45em; background-color: initial;\">l\u00e9m de pra\u00e7a de alimenta\u00e7\u00e3o, a festividade prev\u00ea rodeio profissional e parque de divers\u00f5es&rdquo;, informou Batist\u00e3o. Segundo ele, a Expo Mandaguari deste ano contar\u00e1 mais uma vez com grandes nomes do cen\u00e1rio musical nacional, como Nando Reis e Lucas Lucco. &ldquo;Em 2014 registramos um p\u00fablico de 40 mil pessoas, neste ano queremos aumentar esta visita\u00e7\u00e3o no m\u00ednimo em 50%&rdquo;, comentou.<br \/><\/span><span style=\"color: rgb(51, 51, 51); font-family: Arial, Helvetica, Verdana, Tahoma, sans-serif; font-size: 15px; letter-spacing: -0.02em; line-height: 1.45em; background-color: initial;\"><br \/>O prefeito de Mandaguari ainda parabenizou o prefeito Beto Preto pelo ritmo que tem conduzido a administra\u00e7\u00e3o municipal. &ldquo;Tenho encontrado o prefeito de Apucarana em eventos na regi\u00e3o, em agendas em Curitiba, Bras\u00edlia, trabalhando ostensivamente em busca de recursos. Vejo muita vontade de produzir em prol da coletividade de Apucarana&rdquo;, relatou o mandaguariense.<br \/><\/span><span style=\"color: rgb(51, 51, 51); font-family: Arial, Helvetica, Verdana, Tahoma, sans-serif; font-size: 15px; letter-spacing: -0.02em; line-height: 1.45em; background-color: initial;\"><br \/>O prefeito Beto Preto agradeceu ao convite e disse que deve acompanhar as atividades festivas do dia 1\u00ba de maio.<br \/><\/span><span style=\"color: rgb(51, 51, 51); font-family: Arial, Helvetica, Verdana, Tahoma, sans-serif; font-size: 15px; letter-spacing: -0.02em; line-height: 1.45em; background-color: initial;\"><br \/><b>Agenda art\u00edstica <\/b><\/span><span style=\"color: rgb(51, 51, 51); font-family: Arial, Helvetica, Verdana, Tahoma, sans-serif; font-size: 15px; letter-spacing: -0.02em; line-height: 1.45em; background-color: initial;\">&ndash; A abertura da 2\u00aa Expo Mandaguari acontece no dia 30 de abril com show do cantor Lucas Lucco; dia 2 Conraro &amp;amp; Alexsandro; dia 3 encerramento do rodeio profissional com Mato Grosso &amp;amp; Mathias. Ingressos a pre\u00e7os populares. Dia 4 de maio, encerramento com show Gospel e bolo comemorativo com 78 metros. Mais informa\u00e7\u00f5es <\/span><a href=\"http:\/\/www.mandaguari.pr.gov.br.\" style=\"font-family: Arial, Helvetica, Verdana, Tahoma, sans-serif; font-size: 15px; letter-spacing: -0.02em; line-height: 1.45em; background-color: initial;\">www.mandaguari.pr.gov.br.<\/a><\/h2>\n<p><\/p>\n","protected":false},"excerpt":{"rendered":"<p> Al&eacute;m de pra&ccedil;a de alimenta&ccedil;&atilde;o, a festividade prev&ecirc; shows musicais, rodeio profissional e parque de divers&otilde;es<\/p>\n","protected":false},"author":4,"featured_media":0,"comment_status":"closed","ping_status":"closed","sticky":false,"template":"","format":"standard","meta":{"footnotes":""},"categories":[24],"tags":[],"class_list":["post-2672","post","type-post","status-publish","format-standard","hentry","category-noticias"],"acf":[],"_links":{"self":[{"href":"http:\/\/www.apucarana.pr.gov.br\/site\/wp-json\/wp\/v2\/posts\/2672","targetHints":{"allow":["GET"]}}],"collection":[{"href":"http:\/\/www.apucarana.pr.gov.br\/site\/wp-json\/wp\/v2\/posts"}],"about":[{"href":"http:\/\/www.apucarana.pr.gov.br\/site\/wp-json\/wp\/v2\/types\/post"}],"author":[{"embeddable":true,"href":"http:\/\/www.apucarana.pr.gov.br\/site\/wp-json\/wp\/v2\/users\/4"}],"replies":[{"embeddable":true,"href":"http:\/\/www.apucarana.pr.gov.br\/site\/wp-json\/wp\/v2\/comments?post=2672"}],"version-history":[{"count":1,"href":"http:\/\/www.apucarana.pr.gov.br\/site\/wp-json\/wp\/v2\/posts\/2672\/revisions"}],"predecessor-version":[{"id":104207,"href":"http:\/\/www.apucarana.pr.gov.br\/site\/wp-json\/wp\/v2\/posts\/2672\/revisions\/104207"}],"wp:attachment":[{"href":"http:\/\/www.apucarana.pr.gov.br\/site\/wp-json\/wp\/v2\/media?parent=2672"}],"wp:term":[{"taxonomy":"category","embeddable":true,"href":"http:\/\/www.apucarana.pr.gov.br\/site\/wp-json\/wp\/v2\/categories?post=2672"},{"taxonomy":"post_tag","embeddable":true,"href":"http:\/\/www.apucarana.pr.gov.br\/site\/wp-json\/wp\/v2\/tags?post=2672"}],"curies":[{"name":"wp","href":"https:\/\/api.w.org\/{rel}","templated":true}]}}