{"id":26712,"date":"2019-09-24T22:36:15","date_gmt":"2019-09-25T01:36:15","guid":{"rendered":"http:\/\/172.16.0.7\/site-antigo\/?p=26712"},"modified":"2024-10-08T09:19:53","modified_gmt":"2024-10-08T12:19:53","slug":"fnde-garante-a-regularizacao-de-verbas-para-construcao-de-cmeis","status":"publish","type":"post","link":"http:\/\/www.apucarana.pr.gov.br\/site\/fnde-garante-a-regularizacao-de-verbas-para-construcao-de-cmeis\/","title":{"rendered":"FNDE garante a regulariza\u00e7\u00e3o de verbas para constru\u00e7\u00e3o de CMEIs"},"content":{"rendered":"<p>O presidente do Fundo Nacional de Desenvolvimento da Educa\u00e7\u00e3o (FNDE), Rodrigo S\u00e9rgio Dias, assegurou nesta ter\u00e7a-feira (24\/09) que num prazo de trinta dias o Governo Federal ir\u00e1 regularizar o repasse de pagamentos para obras contratadas via PAC (Programa de Acelera\u00e7\u00e3o do Crescimento). O an\u00fancio foi feito ao prefeito de Apucarana Junior da Femac e o deputado federal S\u00e9rgio Souza, em audi\u00eancia mantida no FNDE.<br \/>\nConforme explica o prefeito, s\u00e3o importantes obras executadas pelo munic\u00edpio com recursos do Governo Federal. \u201cApesar de os repasses estarem atrasados desde janeiro, as obras n\u00e3o foram paralisadas. As construtoras mantiveram o trabalho nos Centros Municipais de Educa\u00e7\u00e3o Infantil (CMEIs) do Afonso Camargo, Jardim Catua\u00ed e Sanches dos Santos\u201d, explicou Junior da Femac, agradecendo aos empreiteiros por n\u00e3o paralisarem as obras, que representam investimentos de R$ 4,5 milh\u00f5es.<br \/>\nO prefeito acrescentou que as tr\u00eas unidades est\u00e3o com cerca de 60% do cronograma cumprido e, depois de prontas, ir\u00e3o abrir mais 360 vagas para as m\u00e3es trabalhadoras destes bairros. \u201cArgumentamos junto ao presidente do FNDE que Apucarana prioriza a oferta de mais vagas em novas creches pela grande demanda de m\u00e3es que trabalham no nosso p\u00f3lo de produ\u00e7\u00e3o de roupas, que \u00e9 o maior do Paran\u00e1\u201d, informou Junior.<br \/>\nA boa not\u00edcia obtida em Bras\u00edlia, segundo o prefeito, \u00e9 fruto do trabalho do deputado S\u00e9rgio Souza. \u201cNa condi\u00e7\u00e3o de presidente da Comiss\u00e3o de Finan\u00e7as da C\u00e2mara Federal, S\u00e9rgio Souza negociou junto ao Governo Federal o descontigenciamento de recursos da educa\u00e7\u00e3o, para pagamento das parcelas em atraso\u201d, revelou Junior.<br \/>\nDe acordo com o prefeito, tamb\u00e9m avan\u00e7ou o projeto de constru\u00e7\u00e3o de um novo CMEI no Parque Bela Vista, via PAR. \u201cA homologa\u00e7\u00e3o da obra deve ser anunciada em mais algumas semanas\u201d, adiantou.     <\/p>\n","protected":false},"excerpt":{"rendered":"<p>Junior da Femac e S\u00e9rgio Souza asseguraram retomada de pagamentos de obras or\u00e7adas em R$ 4,5 milh\u00f5es (Foto: divulga\u00e7\u00e3o)<\/p>\n","protected":false},"author":4,"featured_media":26713,"comment_status":"closed","ping_status":"open","sticky":false,"template":"","format":"standard","meta":{"footnotes":""},"categories":[24],"tags":[],"class_list":["post-26712","post","type-post","status-publish","format-standard","has-post-thumbnail","hentry","category-noticias"],"acf":[],"_links":{"self":[{"href":"http:\/\/www.apucarana.pr.gov.br\/site\/wp-json\/wp\/v2\/posts\/26712","targetHints":{"allow":["GET"]}}],"collection":[{"href":"http:\/\/www.apucarana.pr.gov.br\/site\/wp-json\/wp\/v2\/posts"}],"about":[{"href":"http:\/\/www.apucarana.pr.gov.br\/site\/wp-json\/wp\/v2\/types\/post"}],"author":[{"embeddable":true,"href":"http:\/\/www.apucarana.pr.gov.br\/site\/wp-json\/wp\/v2\/users\/4"}],"replies":[{"embeddable":true,"href":"http:\/\/www.apucarana.pr.gov.br\/site\/wp-json\/wp\/v2\/comments?post=26712"}],"version-history":[{"count":1,"href":"http:\/\/www.apucarana.pr.gov.br\/site\/wp-json\/wp\/v2\/posts\/26712\/revisions"}],"predecessor-version":[{"id":100131,"href":"http:\/\/www.apucarana.pr.gov.br\/site\/wp-json\/wp\/v2\/posts\/26712\/revisions\/100131"}],"wp:featuredmedia":[{"embeddable":true,"href":"http:\/\/www.apucarana.pr.gov.br\/site\/wp-json\/"}],"wp:attachment":[{"href":"http:\/\/www.apucarana.pr.gov.br\/site\/wp-json\/wp\/v2\/media?parent=26712"}],"wp:term":[{"taxonomy":"category","embeddable":true,"href":"http:\/\/www.apucarana.pr.gov.br\/site\/wp-json\/wp\/v2\/categories?post=26712"},{"taxonomy":"post_tag","embeddable":true,"href":"http:\/\/www.apucarana.pr.gov.br\/site\/wp-json\/wp\/v2\/tags?post=26712"}],"curies":[{"name":"wp","href":"https:\/\/api.w.org\/{rel}","templated":true}]}}