{"id":2671,"date":"2015-03-19T14:33:00","date_gmt":"2015-03-19T14:33:00","guid":{"rendered":"http:\/\/172.16.0.7\/site-antigo\/?p=2671"},"modified":"2024-10-08T09:10:16","modified_gmt":"2024-10-08T12:10:16","slug":"meio-ambiente-flagra-descarte-irregular-de-gesso-na-zona-rural-de-apucarana","status":"publish","type":"post","link":"http:\/\/www.apucarana.pr.gov.br\/site\/meio-ambiente-flagra-descarte-irregular-de-gesso-na-zona-rural-de-apucarana\/","title":{"rendered":"Meio ambiente flagra descarte irregular de gesso na zona rural de Apucarana"},"content":{"rendered":"<p><p><span style=\"letter-spacing: -0.02em; line-height: 1.45em; background-color: initial;\">Den\u00fancias feitas pela popula\u00e7\u00e3o continuam contribuindo com a fiscaliza\u00e7\u00e3o ambiental da Prefeitura de Apucarana. Nesta semana, a Secretaria de Meio Ambiente notificou o propriet\u00e1rio de um s\u00edtio na regi\u00e3o dos distritos do Pirap\u00f3 e de Caixa S\u00e3o Pedro, e tamb\u00e9m um empres\u00e1rio do ramo de gesso, por descarte ilegal de res\u00edduos da constru\u00e7\u00e3o civil. &ldquo;Ao apurarmos a den\u00fancia constatamos volume consider\u00e1vel de restos do material despejados no carreador da propriedade rural. Ao ser indagado, o dono do s\u00edtio confirmou que o despejo foi autorizado por ele para melhorar o cal\u00e7amento do acesso e alegou desconhecimento de que tal procedimento era proibido&rdquo;, disse &Eacute;werton Pires, secret\u00e1rio Municipal de Meio Ambiente.<br \/><\/span><span style=\"letter-spacing: -0.02em; line-height: 1.45em; background-color: initial;\"><br \/>Diante do fato, tanto o sitiante quanto o empres\u00e1rio foram convocados para comparecer perante a autoridade ambiental. &ldquo;Eles atenderam a notifica\u00e7\u00e3o e assinaram um termo de compromisso para remo\u00e7\u00e3o de todo o material em at\u00e9 48 horas&rdquo;, informa Pires. A irregularidade cometida tem san\u00e7\u00f5es previstas na Lei Municipal n\u00ba 46\/2014, que trata do Plano Integrado de Gerenciamento de Res\u00edduos da Constru\u00e7\u00e3o Civil, e tamb\u00e9m em Resolu\u00e7\u00e3o CONAMA n\u00ba 307\/2002, que estabelece diretrizes e crit\u00e9rios para a gest\u00e3o destes materiais. &ldquo;A legisla\u00e7\u00e3o \u00e9 bastante clara quando prev\u00ea que res\u00edduos da constru\u00e7\u00e3o civil sejam obrigatoriamente destinados em local licenciado, sob pena de enquadramento ainda na Lei de Crimes Ambientais&rdquo;, completa o secret\u00e1rio.<br \/><\/span><span style=\"letter-spacing: -0.02em; line-height: 1.45em; background-color: initial;\"><br \/>Na vis\u00e3o de Pires, noticiar o fato flagrado nesta semana pela fiscaliza\u00e7\u00e3o \u00e9 importante para que sirva de exemplo e conhecimento \u00e0 sociedade. &ldquo;At\u00e9 mesmo aqueles que contratam servi\u00e7os de ca\u00e7amba. A pessoa deve ter o cuidado de solicitar o comprovante de destina\u00e7\u00e3o ambiental do res\u00edduo, para n\u00e3o correr o risco de ser responsabilizada caso o material seja descartado de forma irregular&rdquo;, finaliza Pires.<br \/><\/span><span style=\"letter-spacing: -0.02em; line-height: 1.45em; background-color: initial;\"><br \/><b>Servi\u00e7o:<\/b><\/span><span style=\"letter-spacing: -0.02em; line-height: 1.45em; background-color: initial;\"> Den\u00fancias de crimes ambientais e outras informa\u00e7\u00f5es sobre a atua\u00e7\u00e3o da Secretaria de Meio Ambiente da Prefeitura de Apucarana podem ser obtidas pelo telefone 3423-0142.<\/span><\/p>\n<p><\/p>\n","protected":false},"excerpt":{"rendered":"<p>Tanto o sitiante quanto o empres&aacute;rio foram convocados para comparecer perante a autoridade ambiental e se comprometeram a reparar os danos<\/p>\n","protected":false},"author":4,"featured_media":0,"comment_status":"closed","ping_status":"closed","sticky":false,"template":"","format":"standard","meta":{"footnotes":""},"categories":[24],"tags":[],"class_list":["post-2671","post","type-post","status-publish","format-standard","hentry","category-noticias"],"acf":[],"_links":{"self":[{"href":"http:\/\/www.apucarana.pr.gov.br\/site\/wp-json\/wp\/v2\/posts\/2671","targetHints":{"allow":["GET"]}}],"collection":[{"href":"http:\/\/www.apucarana.pr.gov.br\/site\/wp-json\/wp\/v2\/posts"}],"about":[{"href":"http:\/\/www.apucarana.pr.gov.br\/site\/wp-json\/wp\/v2\/types\/post"}],"author":[{"embeddable":true,"href":"http:\/\/www.apucarana.pr.gov.br\/site\/wp-json\/wp\/v2\/users\/4"}],"replies":[{"embeddable":true,"href":"http:\/\/www.apucarana.pr.gov.br\/site\/wp-json\/wp\/v2\/comments?post=2671"}],"version-history":[{"count":1,"href":"http:\/\/www.apucarana.pr.gov.br\/site\/wp-json\/wp\/v2\/posts\/2671\/revisions"}],"predecessor-version":[{"id":104208,"href":"http:\/\/www.apucarana.pr.gov.br\/site\/wp-json\/wp\/v2\/posts\/2671\/revisions\/104208"}],"wp:attachment":[{"href":"http:\/\/www.apucarana.pr.gov.br\/site\/wp-json\/wp\/v2\/media?parent=2671"}],"wp:term":[{"taxonomy":"category","embeddable":true,"href":"http:\/\/www.apucarana.pr.gov.br\/site\/wp-json\/wp\/v2\/categories?post=2671"},{"taxonomy":"post_tag","embeddable":true,"href":"http:\/\/www.apucarana.pr.gov.br\/site\/wp-json\/wp\/v2\/tags?post=2671"}],"curies":[{"name":"wp","href":"https:\/\/api.w.org\/{rel}","templated":true}]}}