{"id":2670,"date":"2015-03-19T13:09:59","date_gmt":"2015-03-19T13:09:59","guid":{"rendered":"http:\/\/172.16.0.7\/site-antigo\/?p=2670"},"modified":"2024-10-08T09:10:16","modified_gmt":"2024-10-08T12:10:16","slug":"cras-4-promove-curso-com-a-comunidade","status":"publish","type":"post","link":"http:\/\/www.apucarana.pr.gov.br\/site\/cras-4-promove-curso-com-a-comunidade\/","title":{"rendered":"CRAS 4 promove curso com a comunidade"},"content":{"rendered":"<p><h1><span style=\"letter-spacing: -0.02em; font-family: Arial, Helvetica, Verdana, Tahoma, sans-serif; font-size: 15px; line-height: 1.5em; color: rgb(51, 51, 51); background-color: initial;\">A Secretaria Municipal de Assist\u00eancia Social, atrav\u00e9s do Centro de Refer\u00eancia de Assist\u00eancia Social ( CRAS 4 &ndash; Vila Regina) promovem curso de Confec\u00e7\u00e3o de Ovos de P\u00e1scoa.<br \/><\/span><span style=\"font-family: Arial, Helvetica, Verdana, Tahoma, sans-serif; font-size: 15px; line-height: 1.5em; color: rgb(51, 51, 51); letter-spacing: -0.02em; background-color: initial;\"><br \/>O evento teve in\u00edcio segunda-feira e o encerramento ser\u00e1 nesta sexta-feira (20\/03), na cozinha da Par\u00f3quia Nossa Senhora do Ros\u00e1rio de F\u00e1tima (N\u00facleo Jo\u00e3o Paulo).<br \/><\/span><span style=\"font-family: Arial, Helvetica, Verdana, Tahoma, sans-serif; font-size: 15px; line-height: 1.5em; color: rgb(51, 51, 51); letter-spacing: -0.02em; background-color: initial;\"><br \/>O objetivo desta a\u00e7\u00e3o, al\u00e9m de ensinar a comunidade a aprender trabalhar com o chocolate, \u00e9 tamb\u00e9m uma forma de desenvolver a intera\u00e7\u00e3o das participantes, contribuindo para a conviv\u00eancia e o fortalecimento da comunidade.<br \/><\/span><span style=\"font-family: Arial, Helvetica, Verdana, Tahoma, sans-serif; font-size: 15px; line-height: 1.5em; color: rgb(51, 51, 51); letter-spacing: -0.02em; background-color: initial;\"><br \/>Saiba mais sobre as atividades desenvolvidas pelo Centro de Refer\u00eancia de Assist\u00eancia Social 4 &ldquo;Padre Dominique&rdquo;.<br \/><\/span><span style=\"font-family: Arial, Helvetica, Verdana, Tahoma, sans-serif; font-size: 15px; line-height: 1.5em; color: rgb(51, 51, 51); letter-spacing: -0.02em; background-color: initial;\"><br \/>Rua Jardin\u00f3polis, 419 Vila Vit\u00f3ria R\u00e9gia &ndash; Apucarana &ndash; PR &ndash; Tel.: 3424-1470<\/span><\/h1>\n<p><\/p>\n","protected":false},"excerpt":{"rendered":"<p>O evento teve in&iacute;cio segunda-feira e o encerramento ser&aacute; nesta sexta-feira (20\/03), na cozinha da Par&oacute;quia Nossa Senhora do Ros&aacute;rio de F&aacute;tima (N&uacute;cleo Jo&atilde;o Paulo)<\/p>\n","protected":false},"author":4,"featured_media":0,"comment_status":"closed","ping_status":"closed","sticky":false,"template":"","format":"standard","meta":{"footnotes":""},"categories":[24],"tags":[],"class_list":["post-2670","post","type-post","status-publish","format-standard","hentry","category-noticias"],"acf":[],"_links":{"self":[{"href":"http:\/\/www.apucarana.pr.gov.br\/site\/wp-json\/wp\/v2\/posts\/2670","targetHints":{"allow":["GET"]}}],"collection":[{"href":"http:\/\/www.apucarana.pr.gov.br\/site\/wp-json\/wp\/v2\/posts"}],"about":[{"href":"http:\/\/www.apucarana.pr.gov.br\/site\/wp-json\/wp\/v2\/types\/post"}],"author":[{"embeddable":true,"href":"http:\/\/www.apucarana.pr.gov.br\/site\/wp-json\/wp\/v2\/users\/4"}],"replies":[{"embeddable":true,"href":"http:\/\/www.apucarana.pr.gov.br\/site\/wp-json\/wp\/v2\/comments?post=2670"}],"version-history":[{"count":1,"href":"http:\/\/www.apucarana.pr.gov.br\/site\/wp-json\/wp\/v2\/posts\/2670\/revisions"}],"predecessor-version":[{"id":104209,"href":"http:\/\/www.apucarana.pr.gov.br\/site\/wp-json\/wp\/v2\/posts\/2670\/revisions\/104209"}],"wp:attachment":[{"href":"http:\/\/www.apucarana.pr.gov.br\/site\/wp-json\/wp\/v2\/media?parent=2670"}],"wp:term":[{"taxonomy":"category","embeddable":true,"href":"http:\/\/www.apucarana.pr.gov.br\/site\/wp-json\/wp\/v2\/categories?post=2670"},{"taxonomy":"post_tag","embeddable":true,"href":"http:\/\/www.apucarana.pr.gov.br\/site\/wp-json\/wp\/v2\/tags?post=2670"}],"curies":[{"name":"wp","href":"https:\/\/api.w.org\/{rel}","templated":true}]}}